{"id":31725,"date":"2025-01-03T16:47:29","date_gmt":"2025-01-03T22:47:29","guid":{"rendered":"https:\/\/elobservatorio.com.mx\/?p=31725"},"modified":"2025-01-03T16:47:29","modified_gmt":"2025-01-03T22:47:29","slug":"anuncia-tey-mega-rosca-de-reyes-en-la-villa-el-domingo-5-de-enero","status":"publish","type":"post","link":"http:\/\/elobservatorio.com.mx\/?p=31725","title":{"rendered":"Anuncia Tey Mega Rosca de Reyes en la Villa el domingo 5 de enero"},"content":{"rendered":"<p>*Habr\u00e1 rifas, regalos y sorpresas<\/p>\n<p>Villa de \u00c1lvarez, Col.- La Presidenta Tey Guti\u00e9rrez Andrade anunci\u00f3 las actividades de la Mega Rosca de Reyes en la Villa, que se realizar\u00e1 en el Jard\u00edn Principal de Villa de \u00c1lvarez a partir de las 6 de la tarde.<\/p>\n<p>A trav\u00e9s de un video que difundi\u00f3 en su p\u00e1gina de Facebook, la Alcaldesa inform\u00f3 que las familias villalvarenses est\u00e1n invitadas a participar en la degustaci\u00f3n de la Mega Rosca de Reyes, que se partir\u00e1 a partir de las 6 de la tarde del pr\u00f3ximo domingo, donde adem\u00e1s habr\u00e1 rifa de regalos para las ni\u00f1as y los ni\u00f1os asistentes.<\/p>\n<p>Marcos Gerardo G\u00f3mez, Director de Fomento Educativo y Cultural del Municipio, detall\u00f3 el contenido del programa de la Mega Rosca de Reyes en la Villa, cuyas actividades iniciar\u00e1n a las 6 de la tarde, con la presentaci\u00f3n del Tona Mago; a las 7 de la noche se presentar\u00e1 el dueto vers\u00e1til Esencia Musical, para despu\u00e9s, a las 7:30, partir y degustar la Mega Rosca de Reyes.<\/p>\n<p>A las 8 de la noche habr\u00e1 un show de payasos, con Los Danys, y las actividades de la Mega Rosca de Reyes en la Villa concluir\u00e1n con el Tr\u00edo Rom\u00e1ntico Andares, que iniciar\u00e1 su presentaci\u00f3n a partir de la 9:10 de la noche.<\/p>\n<p>Finalmente, Martha Mart\u00ednez, Directora del DIF Municipal Villa de \u00c1lvarez, mencion\u00f3 que el pr\u00f3ximo domingo se instalar\u00e1 la Zona DIF en el Jard\u00edn Principal, en la que se montar\u00e1 un set fotogr\u00e1fico para que ni\u00f1as y ni\u00f1os puedan tomarse fotos con los Tres Reyes Magos.<\/p>\n","protected":false},"excerpt":{"rendered":"<p>*Habr\u00e1 rifas, regalos y sorpresas Villa de \u00c1lvarez, Col.- La Presidenta Tey Guti\u00e9rrez Andrade anunci\u00f3 las actividades de la Mega Rosca de Reyes en la Villa, que se realizar\u00e1 en el Jard\u00edn Principal de Villa de \u00c1lvarez a partir de las 6 de la tarde. A trav\u00e9s de un video que difundi\u00f3 en su p\u00e1gina&#8230;<\/p>\n","protected":false},"author":2,"featured_media":31726,"comment_status":"closed","ping_status":"open","sticky":false,"template":"","format":"standard","meta":{"footnotes":""},"categories":[8,42],"tags":[29,30,54],"class_list":["post-31725","post","type-post","status-publish","format-standard","has-post-thumbnail","hentry","category-municipios","category-villa-de-alvarez","tag-grid","tag-news","tag-slide"],"_links":{"self":[{"href":"http:\/\/elobservatorio.com.mx\/index.php?rest_route=\/wp\/v2\/posts\/31725"}],"collection":[{"href":"http:\/\/elobservatorio.com.mx\/index.php?rest_route=\/wp\/v2\/posts"}],"about":[{"href":"http:\/\/elobservatorio.com.mx\/index.php?rest_route=\/wp\/v2\/types\/post"}],"author":[{"embeddable":true,"href":"http:\/\/elobservatorio.com.mx\/index.php?rest_route=\/wp\/v2\/users\/2"}],"replies":[{"embeddable":true,"href":"http:\/\/elobservatorio.com.mx\/index.php?rest_route=%2Fwp%2Fv2%2Fcomments&post=31725"}],"version-history":[{"count":1,"href":"http:\/\/elobservatorio.com.mx\/index.php?rest_route=\/wp\/v2\/posts\/31725\/revisions"}],"predecessor-version":[{"id":31727,"href":"http:\/\/elobservatorio.com.mx\/index.php?rest_route=\/wp\/v2\/posts\/31725\/revisions\/31727"}],"wp:featuredmedia":[{"embeddable":true,"href":"http:\/\/elobservatorio.com.mx\/index.php?rest_route=\/wp\/v2\/media\/31726"}],"wp:attachment":[{"href":"http:\/\/elobservatorio.com.mx\/index.php?rest_route=%2Fwp%2Fv2%2Fmedia&parent=31725"}],"wp:term":[{"taxonomy":"category","embeddable":true,"href":"http:\/\/elobservatorio.com.mx\/index.php?rest_route=%2Fwp%2Fv2%2Fcategories&post=31725"},{"taxonomy":"post_tag","embeddable":true,"href":"http:\/\/elobservatorio.com.mx\/index.php?rest_route=%2Fwp%2Fv2%2Ftags&post=31725"}],"curies":[{"name":"wp","href":"https:\/\/api.w.org\/{rel}","templated":true}]}}