{"id":31728,"date":"2025-01-03T16:49:31","date_gmt":"2025-01-03T22:49:31","guid":{"rendered":"https:\/\/elobservatorio.com.mx\/?p=31728"},"modified":"2025-01-03T16:49:31","modified_gmt":"2025-01-03T22:49:31","slug":"detiene-policia-de-vdea-a-presunto-ladron-de-tiendas-de-conveniencia","status":"publish","type":"post","link":"http:\/\/elobservatorio.com.mx\/?p=31728","title":{"rendered":"Detiene Polic\u00eda de VdeA a presunto ladr\u00f3n de tiendas de conveniencia"},"content":{"rendered":"<p>Villa de \u00c1lvarez, Col.- Luego de un reporte recibido a trav\u00e9s de la aplicaci\u00f3n Bot\u00f3n SOS Comercios, agentes de la Direcci\u00f3n de Seguridad P\u00fablica de Villa de \u00c1lvarez lograron la detenci\u00f3n de un masculino, se\u00f1alado por su probable responsabilidad en el delito de robo a negocio, luego de presuntamente haber asaltado un establecimiento comercial.<\/p>\n<p>En una tienda de conveniencia ubicada en la esquina de una de las principales avenidas de la Ciudad de Villa de \u00c1lvarez, muy cerca de un supermercado, un sujeto que presumiblemente portaba un arma de fuego habr\u00eda asaltado el lugar.<\/p>\n<p>Tras llegar a la tienda y colocar en el mostrador diversos art\u00edculos tomados de la estanter\u00eda, el individuo pidi\u00f3 algunas botellas de licor, que luego de hab\u00e9rselas entregado y negarse a realizar el pago, habr\u00eda sacado de entre sus ropas lo que parec\u00eda un arma de fuego, con la que se ayudar\u00eda a perpetrar el presunto robo, que incluir\u00eda dinero en efectivo.<\/p>\n<p>Una vez realizado el presunto atraco, v\u00eda la aplicaci\u00f3n Bot\u00f3n SOS Comercios, la Polic\u00eda Municipal de Villa de \u00c1lvarez recibi\u00f3 el reporte, mont\u00e1ndose un operativo de b\u00fasqueda del probable responsable, logrando su detenci\u00f3n a menos de dos kil\u00f3metros de distancia de donde habr\u00edan ocurrido los hechos.<\/p>\n<p>Luego de su detenci\u00f3n y de la revisi\u00f3n del veh\u00edculo en que viajaba, al sujeto, identificado como probable responsable de diversos robos en establecimientos del mismo giro, se le encontraron los art\u00edculos, las botellas de licor sustra\u00eddas y un pistola de juguete, por lo que fue puesto a disposici\u00f3n del Ministerio P\u00fablico del Orden Com\u00fan, junto con la mercanc\u00eda y el veh\u00edculo que conduc\u00eda.<\/p>\n","protected":false},"excerpt":{"rendered":"<p>Villa de \u00c1lvarez, Col.- Luego de un reporte recibido a trav\u00e9s de la aplicaci\u00f3n Bot\u00f3n SOS Comercios, agentes de la Direcci\u00f3n de Seguridad P\u00fablica de Villa de \u00c1lvarez lograron la detenci\u00f3n de un masculino, se\u00f1alado por su probable responsabilidad en el delito de robo a negocio, luego de presuntamente haber asaltado un establecimiento comercial. En&#8230;<\/p>\n","protected":false},"author":2,"featured_media":31729,"comment_status":"closed","ping_status":"open","sticky":false,"template":"","format":"standard","meta":{"footnotes":""},"categories":[8,15,42],"tags":[29,30,54],"class_list":["post-31728","post","type-post","status-publish","format-standard","has-post-thumbnail","hentry","category-municipios","category-seguridad-y-justicia","category-villa-de-alvarez","tag-grid","tag-news","tag-slide"],"_links":{"self":[{"href":"http:\/\/elobservatorio.com.mx\/index.php?rest_route=\/wp\/v2\/posts\/31728"}],"collection":[{"href":"http:\/\/elobservatorio.com.mx\/index.php?rest_route=\/wp\/v2\/posts"}],"about":[{"href":"http:\/\/elobservatorio.com.mx\/index.php?rest_route=\/wp\/v2\/types\/post"}],"author":[{"embeddable":true,"href":"http:\/\/elobservatorio.com.mx\/index.php?rest_route=\/wp\/v2\/users\/2"}],"replies":[{"embeddable":true,"href":"http:\/\/elobservatorio.com.mx\/index.php?rest_route=%2Fwp%2Fv2%2Fcomments&post=31728"}],"version-history":[{"count":1,"href":"http:\/\/elobservatorio.com.mx\/index.php?rest_route=\/wp\/v2\/posts\/31728\/revisions"}],"predecessor-version":[{"id":31730,"href":"http:\/\/elobservatorio.com.mx\/index.php?rest_route=\/wp\/v2\/posts\/31728\/revisions\/31730"}],"wp:featuredmedia":[{"embeddable":true,"href":"http:\/\/elobservatorio.com.mx\/index.php?rest_route=\/wp\/v2\/media\/31729"}],"wp:attachment":[{"href":"http:\/\/elobservatorio.com.mx\/index.php?rest_route=%2Fwp%2Fv2%2Fmedia&parent=31728"}],"wp:term":[{"taxonomy":"category","embeddable":true,"href":"http:\/\/elobservatorio.com.mx\/index.php?rest_route=%2Fwp%2Fv2%2Fcategories&post=31728"},{"taxonomy":"post_tag","embeddable":true,"href":"http:\/\/elobservatorio.com.mx\/index.php?rest_route=%2Fwp%2Fv2%2Ftags&post=31728"}],"curies":[{"name":"wp","href":"https:\/\/api.w.org\/{rel}","templated":true}]}}