{"id":31738,"date":"2025-01-05T11:42:51","date_gmt":"2025-01-05T17:42:51","guid":{"rendered":"https:\/\/elobservatorio.com.mx\/?p=31738"},"modified":"2025-01-05T11:42:51","modified_gmt":"2025-01-05T17:42:51","slug":"afirma-el-alcalde-riult-rivera-que-se-ha-tenido-buena-respuesta-a-la-carrera-atletica-por-el-dia-de-reyes-organizada-por-el-ayuntamiento-de-colima","status":"publish","type":"post","link":"http:\/\/elobservatorio.com.mx\/?p=31738","title":{"rendered":"Afirma el alcalde Riult Rivera, que se ha tenido buena respuesta a la carrera atl\u00e9tica por el d\u00eda de Reyes organizada por el Ayuntamiento de Colima\u00a0"},"content":{"rendered":"<p>*El presidente municipal de Colima, indic\u00f3 que este s\u00e1bado se estuvieron entregando los kits a quienes participar\u00e1n este domingo.<\/p>\n<p>Muy buena respuesta de la poblaci\u00f3n ha tenido la convocatoria a participar en la carrera atl\u00e9tica que, con motivo del D\u00eda de Reyes, est\u00e1 organizando el Ayuntamiento de Colima que preside Riult Rivera Guti\u00e9rrez, misma que se desarrollar\u00e1 la tarde de este domingo por las principales avenidas en la capital del estado.<\/p>\n<p>El Presidente municipal de Colima, Riult Rivera Guti\u00e9rrez, dijo que las personas que a\u00fan no han acudido a registrarse, pueden hacerlo este s\u00e1bado en las instalaciones de la Presidencia Municipal de Colima, en donde se ha instalado un m\u00f3dulo para entregar los kits, a aquellas personas que se inscribieron v\u00eda WhatsApp.<\/p>\n<p>Los kits que se est\u00e1n entregando, contienen una capa de rey mago, as\u00ed como una corona y el n\u00famero que portar\u00e1n en la playera al momento de participar este domingo.<\/p>\n<p>El edil capitalino record\u00f3 que ser\u00e1n tres categor\u00edas, femenil y varonil, que recorrer\u00e1n una distancia de 5 kil\u00f3metros; y una tercera categor\u00eda dirigida a todo p\u00fablico, de tres kil\u00f3metros.<\/p>\n<p>Rivera Guti\u00e9rrez, dijo que en el caso de la carrera de 5 ki8l\u00f3metros, se entregar\u00e1n un primer premio tanto en la rama femenil, como en la rama varonil, que constar\u00e1 de una motocicleta el\u00e9ctrica.<\/p>\n<p>Por lo que respecta a la categor\u00eda de tres kil\u00f3metros, se rifar\u00e1 una motocicleta el\u00e9ctrica, entre todas las personas que se registren para participar, destacando que quienes no deseen realizar la carrera, pueden acudir a trotar o a caminar, ya que lo que se persigue es fortalecer la convivencia y la unidad entre las familias y la comunidad.<\/p>\n<p>Este s\u00e1bado, desde temprana hora se estuvieron entregando los kits a los participantes, y de acuerdo a los organizadores del evento se rebasaron las expectativas, inform\u00e1ndose que la entrega de kit, se realizar\u00e1 hasta las 20:00 horas.<\/p>\n<p>La carrera de los Reyes arrancar\u00e1 en punto a las 17:30 horas y seg\u00fan se inform\u00f3, quienes se hayan inscrito y por alguna raz\u00f3n no pudieron recoger su kit de participante, \u00e9ste se les entregar\u00e1 momentos antes de iniciar la carrera, la cual partir\u00e1 desde el Jard\u00edn N\u00fa\u00f1ez y continuar\u00e1 por las avenidas avenida Rey Colim\u00e1n y Calzada Galv\u00e1n.<\/p>\n<p>A los participantes o los que asistan por el kit, se les ha estado solicitando que este domingo, cuando se presenten a la Carrera de Reyes, puedan donar alg\u00fan juguete nuevo o usado, pero en buenas condiciones, el cual ser\u00e1 donado por el DIF a los ni\u00f1os del municipio.<\/p>\n<p>Esa es una de las actividades que promueve el presidente Guti\u00e9rrez con el objetivo llevar una sana convivencia y esparcimiento entre los habitantes de la capital con el objetivo de que en unidad, juntos podamos crear Otro Colima por t\u00ed.<\/p>\n","protected":false},"excerpt":{"rendered":"<p>*El presidente municipal de Colima, indic\u00f3 que este s\u00e1bado se estuvieron entregando los kits a quienes participar\u00e1n este domingo. Muy buena respuesta de la poblaci\u00f3n ha tenido la convocatoria a participar en la carrera atl\u00e9tica que, con motivo del D\u00eda de Reyes, est\u00e1 organizando el Ayuntamiento de Colima que preside Riult Rivera Guti\u00e9rrez, misma que&#8230;<\/p>\n","protected":false},"author":2,"featured_media":31739,"comment_status":"closed","ping_status":"open","sticky":false,"template":"","format":"standard","meta":{"footnotes":""},"categories":[8,36],"tags":[29,30,54],"class_list":["post-31738","post","type-post","status-publish","format-standard","has-post-thumbnail","hentry","category-municipios","category-colima","tag-grid","tag-news","tag-slide"],"_links":{"self":[{"href":"http:\/\/elobservatorio.com.mx\/index.php?rest_route=\/wp\/v2\/posts\/31738"}],"collection":[{"href":"http:\/\/elobservatorio.com.mx\/index.php?rest_route=\/wp\/v2\/posts"}],"about":[{"href":"http:\/\/elobservatorio.com.mx\/index.php?rest_route=\/wp\/v2\/types\/post"}],"author":[{"embeddable":true,"href":"http:\/\/elobservatorio.com.mx\/index.php?rest_route=\/wp\/v2\/users\/2"}],"replies":[{"embeddable":true,"href":"http:\/\/elobservatorio.com.mx\/index.php?rest_route=%2Fwp%2Fv2%2Fcomments&post=31738"}],"version-history":[{"count":1,"href":"http:\/\/elobservatorio.com.mx\/index.php?rest_route=\/wp\/v2\/posts\/31738\/revisions"}],"predecessor-version":[{"id":31740,"href":"http:\/\/elobservatorio.com.mx\/index.php?rest_route=\/wp\/v2\/posts\/31738\/revisions\/31740"}],"wp:featuredmedia":[{"embeddable":true,"href":"http:\/\/elobservatorio.com.mx\/index.php?rest_route=\/wp\/v2\/media\/31739"}],"wp:attachment":[{"href":"http:\/\/elobservatorio.com.mx\/index.php?rest_route=%2Fwp%2Fv2%2Fmedia&parent=31738"}],"wp:term":[{"taxonomy":"category","embeddable":true,"href":"http:\/\/elobservatorio.com.mx\/index.php?rest_route=%2Fwp%2Fv2%2Fcategories&post=31738"},{"taxonomy":"post_tag","embeddable":true,"href":"http:\/\/elobservatorio.com.mx\/index.php?rest_route=%2Fwp%2Fv2%2Ftags&post=31738"}],"curies":[{"name":"wp","href":"https:\/\/api.w.org\/{rel}","templated":true}]}}