{"id":31744,"date":"2025-01-07T09:03:06","date_gmt":"2025-01-07T15:03:06","guid":{"rendered":"https:\/\/elobservatorio.com.mx\/?p=31744"},"modified":"2025-01-07T09:03:06","modified_gmt":"2025-01-07T15:03:06","slug":"salud-colima-llevara-fumigacion-contra-el-dengue-a-municipios-de-colima-coquimatlan-y-la-villa","status":"publish","type":"post","link":"http:\/\/elobservatorio.com.mx\/?p=31744","title":{"rendered":"Salud Colima llevar\u00e1 fumigaci\u00f3n contra el dengue a municipios de Colima, Coquimatl\u00e1n y \u00abLa Villa\u00bb"},"content":{"rendered":"<p><strong>* Ingresa a la siguiente liga para descargar el calendario semanal completo: https:\/\/bit.ly\/nebulizacion-06ene10ene<\/strong><\/p>\n<p>La estrategia para eliminar la densidad del mosco transmisor del dengue, zika y chikungunya y as\u00ed reducir el riesgo de infectar a la poblaci\u00f3n, se estar\u00e1 llevando a cabo en los municipios de Colima, Coquimatl\u00e1n y Villa de \u00c1lvarez durante la semana del 6 al 10 de enero, inform\u00f3 la Secretar\u00eda de Salud del Gobierno del Estado.<\/p>\n<p>La fumigaci\u00f3n se realizar\u00e1 en cuatro colonias de los tres municipios mencionados en donde se ha detectado, mediante la lectura de ovitrampas, un importante n\u00famero del mosco Aedes aegypti en el ambiente.<\/p>\n<p>De esta manera, la estrategia se realizar\u00e1 el lunes 6 y jueves 9 de enero en las colonias Emiliano Zapata y El\u00edas Zamora del municipio de Coquimatl\u00e1n; el martes 7 y viernes 10 de enero en la colonia Villa Izcalli de Villa de \u00c1lvarez y el mi\u00e9rcoles 8 de enero en la colonia Los Trabajadores de la capital del estado.<\/p>\n<p>La dependencia estatal indic\u00f3 que para visualizar el calendario de fumigaci\u00f3n con el nombre de la colonia y\/o la localidad, en donde se llevar\u00e1n las rutas de nebulizaci\u00f3n, se debe ingresar al siguiente sitio: https:\/\/bit.ly\/nebulizacion-06ene10ene<\/p>\n<p>Adem\u00e1s, record\u00f3 la importancia de abrir puertas y ventanas de las viviendas u oficinas al paso de la unidad fumigadora, alejar del \u00e1rea de fumigaci\u00f3n a personas menores de edad y adultas mayores, as\u00ed como pasar a las mascotas al traspatio de la vivienda.<\/p>\n","protected":false},"excerpt":{"rendered":"<p>* Ingresa a la siguiente liga para descargar el calendario semanal completo: https:\/\/bit.ly\/nebulizacion-06ene10ene La estrategia para eliminar la densidad del mosco transmisor del dengue, zika y chikungunya y as\u00ed reducir el riesgo de infectar a la poblaci\u00f3n, se estar\u00e1 llevando a cabo en los municipios de Colima, Coquimatl\u00e1n y Villa de \u00c1lvarez durante la semana&#8230;<\/p>\n","protected":false},"author":2,"featured_media":31745,"comment_status":"closed","ping_status":"open","sticky":false,"template":"","format":"standard","meta":{"footnotes":""},"categories":[16,12],"tags":[29,30,54],"class_list":["post-31744","post","type-post","status-publish","format-standard","has-post-thumbnail","hentry","category-gobierno","category-sociedad","tag-grid","tag-news","tag-slide"],"_links":{"self":[{"href":"http:\/\/elobservatorio.com.mx\/index.php?rest_route=\/wp\/v2\/posts\/31744"}],"collection":[{"href":"http:\/\/elobservatorio.com.mx\/index.php?rest_route=\/wp\/v2\/posts"}],"about":[{"href":"http:\/\/elobservatorio.com.mx\/index.php?rest_route=\/wp\/v2\/types\/post"}],"author":[{"embeddable":true,"href":"http:\/\/elobservatorio.com.mx\/index.php?rest_route=\/wp\/v2\/users\/2"}],"replies":[{"embeddable":true,"href":"http:\/\/elobservatorio.com.mx\/index.php?rest_route=%2Fwp%2Fv2%2Fcomments&post=31744"}],"version-history":[{"count":1,"href":"http:\/\/elobservatorio.com.mx\/index.php?rest_route=\/wp\/v2\/posts\/31744\/revisions"}],"predecessor-version":[{"id":31746,"href":"http:\/\/elobservatorio.com.mx\/index.php?rest_route=\/wp\/v2\/posts\/31744\/revisions\/31746"}],"wp:featuredmedia":[{"embeddable":true,"href":"http:\/\/elobservatorio.com.mx\/index.php?rest_route=\/wp\/v2\/media\/31745"}],"wp:attachment":[{"href":"http:\/\/elobservatorio.com.mx\/index.php?rest_route=%2Fwp%2Fv2%2Fmedia&parent=31744"}],"wp:term":[{"taxonomy":"category","embeddable":true,"href":"http:\/\/elobservatorio.com.mx\/index.php?rest_route=%2Fwp%2Fv2%2Fcategories&post=31744"},{"taxonomy":"post_tag","embeddable":true,"href":"http:\/\/elobservatorio.com.mx\/index.php?rest_route=%2Fwp%2Fv2%2Ftags&post=31744"}],"curies":[{"name":"wp","href":"https:\/\/api.w.org\/{rel}","templated":true}]}}