{"id":31747,"date":"2025-01-07T09:24:55","date_gmt":"2025-01-07T15:24:55","guid":{"rendered":"https:\/\/elobservatorio.com.mx\/?p=31747"},"modified":"2025-01-07T09:24:55","modified_gmt":"2025-01-07T15:24:55","slug":"nombra-cabildo-a-petronilo-vazquez-como-director-del-instituto-de-festejos-charrotaurinos-de-vdea","status":"publish","type":"post","link":"http:\/\/elobservatorio.com.mx\/?p=31747","title":{"rendered":"Nombra Cabildo a Petronilo V\u00e1zquez como Director del Instituto de Festejos Charrotaurinos de VdeA"},"content":{"rendered":"<p>Villa de \u00c1lvarez, Col.- A propuesta de Tey Guti\u00e9rrez Andrade, Alcaldesa y Presidenta del Patronato de los Festejos Charro Taurinos de Villa de \u00c1lvarez, el Cabildo aprob\u00f3 en votaci\u00f3n un\u00e1nime el nombramiento de Petronilo V\u00e1zquez Vuelvas como Director General del Instituto de Festejos Charrotaurinos y Exposiciones de Villa de \u00c1lvarez (IFCEVA).<\/p>\n<p>El S\u00edndico Jos\u00e9 Santos Dolores, as\u00ed como las regidoras y los regidores, adem\u00e1s de resaltar la experiencia de Petronilo V\u00e1zquez como promotor y organizador de importantes festividades, pues en el pasado ya fungi\u00f3 como director del Patronato de los Festejos Charrotaurinos y del Instituto de Fomento de Ferias y Exposiciones de Colima, destacaron la calidad humana y el profesionalismo con el que se desempe\u00f1\u00f3 Roberto Bravo, anterior Director del IFCEVA.<\/p>\n<p>Petronilo V\u00e1zquez pidi\u00f3 a las y a los ediles tener la confianza que el recurso econ\u00f3mico que se le asigne al IFCEVA ser\u00e1 manejado con transparencia y honestidad, adem\u00e1s record\u00f3 que la primera ocasi\u00f3n que dirigi\u00f3 los Festejos Charrotaurinos de Villa de \u00c1lvarez, del a\u00f1o 2009 al 2012, dej\u00f3 en caja 700 mil pesos, luego de 25 a\u00f1os de haber sido un fracaso financiero.<\/p>\n<p>Finalmente, V\u00e1zquez Vuelvas dijo que cuando dirigi\u00f3 el Instituto de Fomento de Ferias y Exposiciones de Colima, en 2021, las utilidades fueron de 4 millones 890 mil pesos, lo cual permiti\u00f3 realizar los eventos que le hicieron la gran diferencia a la Feria de Colima con respecto a las anteriores ediciones.<\/p>\n","protected":false},"excerpt":{"rendered":"<p>Villa de \u00c1lvarez, Col.- A propuesta de Tey Guti\u00e9rrez Andrade, Alcaldesa y Presidenta del Patronato de los Festejos Charro Taurinos de Villa de \u00c1lvarez, el Cabildo aprob\u00f3 en votaci\u00f3n un\u00e1nime el nombramiento de Petronilo V\u00e1zquez Vuelvas como Director General del Instituto de Festejos Charrotaurinos y Exposiciones de Villa de \u00c1lvarez (IFCEVA). El S\u00edndico Jos\u00e9 Santos&#8230;<\/p>\n","protected":false},"author":2,"featured_media":31748,"comment_status":"closed","ping_status":"open","sticky":false,"template":"","format":"standard","meta":{"footnotes":""},"categories":[8,42],"tags":[29,30,54],"class_list":["post-31747","post","type-post","status-publish","format-standard","has-post-thumbnail","hentry","category-municipios","category-villa-de-alvarez","tag-grid","tag-news","tag-slide"],"_links":{"self":[{"href":"http:\/\/elobservatorio.com.mx\/index.php?rest_route=\/wp\/v2\/posts\/31747"}],"collection":[{"href":"http:\/\/elobservatorio.com.mx\/index.php?rest_route=\/wp\/v2\/posts"}],"about":[{"href":"http:\/\/elobservatorio.com.mx\/index.php?rest_route=\/wp\/v2\/types\/post"}],"author":[{"embeddable":true,"href":"http:\/\/elobservatorio.com.mx\/index.php?rest_route=\/wp\/v2\/users\/2"}],"replies":[{"embeddable":true,"href":"http:\/\/elobservatorio.com.mx\/index.php?rest_route=%2Fwp%2Fv2%2Fcomments&post=31747"}],"version-history":[{"count":1,"href":"http:\/\/elobservatorio.com.mx\/index.php?rest_route=\/wp\/v2\/posts\/31747\/revisions"}],"predecessor-version":[{"id":31749,"href":"http:\/\/elobservatorio.com.mx\/index.php?rest_route=\/wp\/v2\/posts\/31747\/revisions\/31749"}],"wp:featuredmedia":[{"embeddable":true,"href":"http:\/\/elobservatorio.com.mx\/index.php?rest_route=\/wp\/v2\/media\/31748"}],"wp:attachment":[{"href":"http:\/\/elobservatorio.com.mx\/index.php?rest_route=%2Fwp%2Fv2%2Fmedia&parent=31747"}],"wp:term":[{"taxonomy":"category","embeddable":true,"href":"http:\/\/elobservatorio.com.mx\/index.php?rest_route=%2Fwp%2Fv2%2Fcategories&post=31747"},{"taxonomy":"post_tag","embeddable":true,"href":"http:\/\/elobservatorio.com.mx\/index.php?rest_route=%2Fwp%2Fv2%2Ftags&post=31747"}],"curies":[{"name":"wp","href":"https:\/\/api.w.org\/{rel}","templated":true}]}}