{"id":31753,"date":"2025-01-07T11:06:51","date_gmt":"2025-01-07T17:06:51","guid":{"rendered":"https:\/\/elobservatorio.com.mx\/?p=31753"},"modified":"2025-01-07T11:06:51","modified_gmt":"2025-01-07T17:06:51","slug":"el-presidente-riult-rivera-senala-que-ha-sido-un-exito-la-pista-de-patinaje-sobre-hielo-en-colima","status":"publish","type":"post","link":"http:\/\/elobservatorio.com.mx\/?p=31753","title":{"rendered":"El presidente Riult Rivera, se\u00f1ala que ha sido un \u00e9xito la pista de patinaje sobre hielo en Colima\u00a0"},"content":{"rendered":"<p><strong>*Habr\u00e1 una exhibici\u00f3n, por parte de patinadoras experimentadas<\/strong><\/p>\n<p>Colima, Col., 7 de enero de 2025.- El Presidente Municipal de Colima, Riult Rivera Guti\u00e9rrez, afirm\u00f3 que la pista de patinaje sobre hielo instalada desde el pasado 23 de diciembre en el auditorio \u201cMiguel de la Madrid Hurtado\u201d, en el centro de la ciudad, ha sido un \u00e9xito y ha estado registrando todos los d\u00edas una gran cantidad de familias que acuden a patinar y divertirse.<\/p>\n<p>El alcalde capitalino, invit\u00f3 a los ciudadanos a que sigan aprovechando y acudan con sus familias a disfrutar de esta gran atracci\u00f3n, la cual seguir\u00e1 funcionando hasta el pr\u00f3ximo 23 de enero.<\/p>\n<p>Rivera Guti\u00e9rrez, se\u00f1al\u00f3 que se han girado instrucciones al director de Educaci\u00f3n, Cultura y Recreaci\u00f3n del Ayuntamiento de Colima. Manuel Agust\u00edn Trujillo Guti\u00e9rrez, a fin de que se promueva esta pista de patinaje en los centros educativos, para que una vez que retornen de las vacaciones decembrinas puedan acudir grupos de estudiantes acompa\u00f1ados de sus maestras y maestros y disfruten de esta experiencia.<\/p>\n<p>Asimismo, se ha invitado a las y los integrantes del Cabildo, a que inviten a las personas de las diversas colonias y comunidades del municipio, para que aprovechen y acudan a disfrutar de la pista de patinaje sobre hielo.<\/p>\n<p>Destac\u00f3 que la pista de patinaje sobre hielo, en el auditorio Miguel de la Madrid Hurtado, ha sido muy visitada y la gente que asiste a patinar ha estado muy contenta, participativa y pr\u00e1cticamente todos los d\u00edas hay casa llena, dijo.<\/p>\n<p>Dijo que esto es un esfuerzo completamente del Ayuntamiento de Colima, donde a los asistentes solo se les pide una cuota de recuperaci\u00f3n de 50 pesos por media hora de patinaje y es para pagar el costo de la pista y poderla traer en los pr\u00f3ximos a\u00f1os.<\/p>\n<p><strong>HABRA UNA EXHIBICI\u00d3N EN FECHAS PR\u00d3XIMAS<\/strong><\/p>\n<p>Por otra parte el presidente municipal de Colima, mencion\u00f3 que en los pr\u00f3ximos d\u00edas habr\u00e1 una exhibici\u00f3n por parte de un grupo de patinadoras, unas que laboran en la pista, otras que prestan sus servicios en el Ayuntamiento y otras m\u00e1s que son externas, que han tenido actividad profesional en el patinaje.<\/p>\n<p>Esta exhibici\u00f3n, que falta confirmar la fecha, es para que las familias disfruten del patinaje y que vean lo que se puede hacer en una pista de hielo de manera profesional y que se animen a practicar esta disciplina, pues es muy divertido, aunque hay personas que tienen temor a caerse, pero hay un gran aprendizaje.<\/p>\n<p>Mencion\u00f3 que adem\u00e1s de esta exhibici\u00f3n, est\u00e1n previendo realizar otras exhibiciones, se\u00f1alando que la pista de patinaje estar\u00e1 funcionando hasta el 23 de enero, por lo que aprovech\u00f3 para reiterar la invitaci\u00f3n a todas las personas a que acudan a disfrutar de la pista, se\u00f1al\u00f3 el alcalde capitalino.<\/p>\n<p>Antes de concluir destac\u00f3 que esperan que sigan acudiendo a la pista muchas m\u00e1s personas de la capital del estado y de otros municipios, inclusive de otros estados del pa\u00eds que han venido a visitarnos, para que se lleven una buena imagen de Colima y constaten por s\u00ed mismos que la actual administraci\u00f3n municipal est\u00e1 empe\u00f1ando todo su esfuerzo en construir Otro Colima por ti, mostrando un rostro diferente de lo que Colima est\u00e1 ofreciendo a sus habitantes y a quienes nos visitan.<\/p>\n","protected":false},"excerpt":{"rendered":"<p>*Habr\u00e1 una exhibici\u00f3n, por parte de patinadoras experimentadas Colima, Col., 7 de enero de 2025.- El Presidente Municipal de Colima, Riult Rivera Guti\u00e9rrez, afirm\u00f3 que la pista de patinaje sobre hielo instalada desde el pasado 23 de diciembre en el auditorio \u201cMiguel de la Madrid Hurtado\u201d, en el centro de la ciudad, ha sido un&#8230;<\/p>\n","protected":false},"author":2,"featured_media":31754,"comment_status":"closed","ping_status":"open","sticky":false,"template":"","format":"standard","meta":{"footnotes":""},"categories":[8,36],"tags":[29,30,54],"class_list":["post-31753","post","type-post","status-publish","format-standard","has-post-thumbnail","hentry","category-municipios","category-colima","tag-grid","tag-news","tag-slide"],"_links":{"self":[{"href":"http:\/\/elobservatorio.com.mx\/index.php?rest_route=\/wp\/v2\/posts\/31753"}],"collection":[{"href":"http:\/\/elobservatorio.com.mx\/index.php?rest_route=\/wp\/v2\/posts"}],"about":[{"href":"http:\/\/elobservatorio.com.mx\/index.php?rest_route=\/wp\/v2\/types\/post"}],"author":[{"embeddable":true,"href":"http:\/\/elobservatorio.com.mx\/index.php?rest_route=\/wp\/v2\/users\/2"}],"replies":[{"embeddable":true,"href":"http:\/\/elobservatorio.com.mx\/index.php?rest_route=%2Fwp%2Fv2%2Fcomments&post=31753"}],"version-history":[{"count":1,"href":"http:\/\/elobservatorio.com.mx\/index.php?rest_route=\/wp\/v2\/posts\/31753\/revisions"}],"predecessor-version":[{"id":31755,"href":"http:\/\/elobservatorio.com.mx\/index.php?rest_route=\/wp\/v2\/posts\/31753\/revisions\/31755"}],"wp:featuredmedia":[{"embeddable":true,"href":"http:\/\/elobservatorio.com.mx\/index.php?rest_route=\/wp\/v2\/media\/31754"}],"wp:attachment":[{"href":"http:\/\/elobservatorio.com.mx\/index.php?rest_route=%2Fwp%2Fv2%2Fmedia&parent=31753"}],"wp:term":[{"taxonomy":"category","embeddable":true,"href":"http:\/\/elobservatorio.com.mx\/index.php?rest_route=%2Fwp%2Fv2%2Fcategories&post=31753"},{"taxonomy":"post_tag","embeddable":true,"href":"http:\/\/elobservatorio.com.mx\/index.php?rest_route=%2Fwp%2Fv2%2Ftags&post=31753"}],"curies":[{"name":"wp","href":"https:\/\/api.w.org\/{rel}","templated":true}]}}