{"id":31761,"date":"2025-01-07T16:50:16","date_gmt":"2025-01-07T22:50:16","guid":{"rendered":"https:\/\/elobservatorio.com.mx\/?p=31761"},"modified":"2025-01-07T16:50:16","modified_gmt":"2025-01-07T22:50:16","slug":"emiten-convocatoria-para-instalar-tabladitos-en-las-calles","status":"publish","type":"post","link":"http:\/\/elobservatorio.com.mx\/?p=31761","title":{"rendered":"Emiten convocatoria para instalar tabladitos en las calles"},"content":{"rendered":"<p style=\"text-align: left;\"><strong>*Rinde Patronato de Festejos Charro Taurinos de VdeA homenaje a Roberto Bravo<\/strong><\/p>\n<p>Villa de \u00c1lvarez, Col.- El Patronato de Festejos Charro Taurinos de Villa de \u00c1lvarez aprob\u00f3 la convocatoria \u201cLa Petatera en las Calles\u201d, cuyo objetivo es continuar fomentando la tradici\u00f3n de la construcci\u00f3n artesanal de tablados en la v\u00eda p\u00fablica y a su vez que las familias puedan disfrutar de una manera c\u00f3moda las tradicionales cabalgatas.<\/p>\n<p>La convocatoria consiste en la construcci\u00f3n de tabladitos que estar\u00e1n ubicados a partir de la \u00abDivisi\u00f3n\u00bb, sobre las avenidas General Manuel \u00c1lvarez y J. Merced Cabrera, hasta su cruce con el Libramiento Gobernadora Griselda \u00c1lvarez.<\/p>\n<p>Las personas interesadas deber\u00e1n presentar la solicitud en las oficinas del Instituto de Festejos Charro Taurinos y Exposiciones de Villa de \u00c1lvarez, con el nombre del responsable, domicilio, tel\u00e9fono, ubicaci\u00f3n del tabladito y nombre del constructor, as\u00ed como la copia de la credencial de elector y copia del comprobante de domicilio.<\/p>\n<p>Todas las solicitudes ser\u00e1n atendidas por orden de recepci\u00f3n y ser\u00e1n analizadas por un comit\u00e9 interno del Instituto, para la valoraci\u00f3n de los espacios, cuidando no interferir con la vialidad, conservando las \u00e1reas verdes y sin afectar los comercios que se encuentran ubicados sobre la avenida.<\/p>\n<p>Los tabladitos deber\u00e1n ser construidos por los artesanos de La Petatera, ya que se busca mantener la uniformidad en su elaboraci\u00f3n y seguridad en su instalaci\u00f3n.<\/p>\n<p>El cierre de la convocatoria es el mi\u00e9rcoles 15 de enero, para mayores informes deber\u00e1n acudir al Instituto de Festejos Charrotaurinos, ubicado en Libramiento Griselda \u00c1lvarez Ponce de Le\u00f3n s\/n, colonia Villas Providencia, de lunes a s\u00e1bado de 9 de la ma\u00f1ana a 3 de la tarde.<\/p>\n<p><strong>*HOMENAJE A ROBERTO BRAVO*<\/strong><\/p>\n<p>En su Cuarta Sesi\u00f3n ordinaria, el Patronato de las Fiestas de la Villa rindi\u00f3 un homenaje al M\u00e9dico Roberto Bravo Flores, Director del Instituto de Festejos Charrotaurinos y Exposiciones de Villa de \u00c1lvarez fallecido el pasado 28 de diciembre.<\/p>\n<p>En el Sal\u00f3n Presidentes de la Casa de la Cultura, la Alcaldesa Tey Guti\u00e9rrez Andrade expuso que al M\u00e9dico Roberto Bravo Flores se le honra con trabajo, pues ante cualquier adversidad y sin ellas, su gobierno siempre ha trabajado para y por las y los villalvarenses.<\/p>\n<p>Luego de presentar a Petronilo V\u00e1zquez como Director del Instituto de Festejos Charrotaurinos de Villa de \u00c1lvarez de quien dijo, es una persona de mucha trayectoria y mucho talento en la organizaci\u00f3n de los Festejos Charrotaurinos y la Feria de Colima, la Alcaldesa Tey Guti\u00e9rrez le tom\u00f3 protesta como integrante del Patronato de las Fiestas de la Villa.<\/p>\n","protected":false},"excerpt":{"rendered":"<p>*Rinde Patronato de Festejos Charro Taurinos de VdeA homenaje a Roberto Bravo Villa de \u00c1lvarez, Col.- El Patronato de Festejos Charro Taurinos de Villa de \u00c1lvarez aprob\u00f3 la convocatoria \u201cLa Petatera en las Calles\u201d, cuyo objetivo es continuar fomentando la tradici\u00f3n de la construcci\u00f3n artesanal de tablados en la v\u00eda p\u00fablica y a su vez&#8230;<\/p>\n","protected":false},"author":2,"featured_media":31762,"comment_status":"closed","ping_status":"open","sticky":false,"template":"","format":"standard","meta":{"footnotes":""},"categories":[8,42],"tags":[29,30,54],"class_list":["post-31761","post","type-post","status-publish","format-standard","has-post-thumbnail","hentry","category-municipios","category-villa-de-alvarez","tag-grid","tag-news","tag-slide"],"_links":{"self":[{"href":"http:\/\/elobservatorio.com.mx\/index.php?rest_route=\/wp\/v2\/posts\/31761"}],"collection":[{"href":"http:\/\/elobservatorio.com.mx\/index.php?rest_route=\/wp\/v2\/posts"}],"about":[{"href":"http:\/\/elobservatorio.com.mx\/index.php?rest_route=\/wp\/v2\/types\/post"}],"author":[{"embeddable":true,"href":"http:\/\/elobservatorio.com.mx\/index.php?rest_route=\/wp\/v2\/users\/2"}],"replies":[{"embeddable":true,"href":"http:\/\/elobservatorio.com.mx\/index.php?rest_route=%2Fwp%2Fv2%2Fcomments&post=31761"}],"version-history":[{"count":1,"href":"http:\/\/elobservatorio.com.mx\/index.php?rest_route=\/wp\/v2\/posts\/31761\/revisions"}],"predecessor-version":[{"id":31763,"href":"http:\/\/elobservatorio.com.mx\/index.php?rest_route=\/wp\/v2\/posts\/31761\/revisions\/31763"}],"wp:featuredmedia":[{"embeddable":true,"href":"http:\/\/elobservatorio.com.mx\/index.php?rest_route=\/wp\/v2\/media\/31762"}],"wp:attachment":[{"href":"http:\/\/elobservatorio.com.mx\/index.php?rest_route=%2Fwp%2Fv2%2Fmedia&parent=31761"}],"wp:term":[{"taxonomy":"category","embeddable":true,"href":"http:\/\/elobservatorio.com.mx\/index.php?rest_route=%2Fwp%2Fv2%2Fcategories&post=31761"},{"taxonomy":"post_tag","embeddable":true,"href":"http:\/\/elobservatorio.com.mx\/index.php?rest_route=%2Fwp%2Fv2%2Ftags&post=31761"}],"curies":[{"name":"wp","href":"https:\/\/api.w.org\/{rel}","templated":true}]}}