{"id":31779,"date":"2025-01-08T11:29:57","date_gmt":"2025-01-08T17:29:57","guid":{"rendered":"https:\/\/elobservatorio.com.mx\/?p=31779"},"modified":"2025-01-08T11:29:57","modified_gmt":"2025-01-08T17:29:57","slug":"fiscalia-general-localiza-a-joven-victima-de-secuestro-virtual","status":"publish","type":"post","link":"http:\/\/elobservatorio.com.mx\/?p=31779","title":{"rendered":"FISCAL\u00cdA GENERAL LOCALIZA A JOVEN V\u00cdCTIMA DE SECUESTRO VIRTUAL"},"content":{"rendered":"<p>Investigaciones realizadas por la Fiscal\u00eda General del Estado (FGE), permitieron localizar a una menor de edad que fue v\u00edctima de secuestro virtual; en hechos ocurridos en el municipio de Cuauht\u00e9moc.<\/p>\n<p>El pasado 04 de enero del a\u00f1o en curso, alrededor de las 14:50 horas, la menor de edad Mar\u00eda \u201cN\u201d, sali\u00f3 de su casa en la comunidad de Queser\u00eda del referido municipio, donde mediante llamadas extorsivas fue citada en un lugar donde estuvo todo el tiempo en contacto v\u00eda telef\u00f3nica con el presunto extorsionador, haci\u00e9ndoles creer a sus familiares que ella se encontraba en peligro.<\/p>\n<p>Derivado de estos hechos, familiares de la v\u00edctima recibieron una llamada telef\u00f3nica del n\u00famero 3123164506, donde los extorsionadores exigieron el pago de una cantidad de dinero; por lo que se realiz\u00f3 el reporte respectivo ante la Unidad Especializada de Combate al Secuestro (UECS), que emprendi\u00f3 los actos de investigaci\u00f3n y que a su vez, solicit\u00f3 la colaboraci\u00f3n de la Polic\u00eda Municipal de Cuauht\u00e9moc, con la finalidad de agilizar la b\u00fasqueda de la joven.<\/p>\n<p>Durante los actos se pudo establecer que Mar\u00eda \u201cN\u201d, estaba siendo v\u00edctima de un enga\u00f1o, por lo que aplicaron t\u00e9cnicas de investigaci\u00f3n que permitieron mantener comunicaci\u00f3n con la agraviada, quien fue asesorada por la UECS, localizando a la joven quien ya se encuentra con su familia.<\/p>\n<p>Tras un intento de extorsi\u00f3n, es importante escuchar con atenci\u00f3n, colgar y denunciar lo m\u00e1s pronto posible, adem\u00e1s de extremar precauciones con la informaci\u00f3n y datos personales que se brindan de manera telef\u00f3nica o virtual.<\/p>\n<p>En la FGE a trav\u00e9s de la Unidad Especializada en Combate al Delito de Secuestro (UECS), cuenta con personal especializado para reportar cualquier hecho delictivo y de forma particular, se pueden contactar a la Unidad Especializada al n\u00famero de WhatsApp: 312 228 3788, d\u00f3nde se les brinda asesor\u00eda y acompa\u00f1amiento.<\/p>\n","protected":false},"excerpt":{"rendered":"<p>Investigaciones realizadas por la Fiscal\u00eda General del Estado (FGE), permitieron localizar a una menor de edad que fue v\u00edctima de secuestro virtual; en hechos ocurridos en el municipio de Cuauht\u00e9moc. El pasado 04 de enero del a\u00f1o en curso, alrededor de las 14:50 horas, la menor de edad Mar\u00eda \u201cN\u201d, sali\u00f3 de su casa en&#8230;<\/p>\n","protected":false},"author":2,"featured_media":31780,"comment_status":"closed","ping_status":"open","sticky":false,"template":"","format":"standard","meta":{"footnotes":""},"categories":[15],"tags":[29,30,54],"class_list":["post-31779","post","type-post","status-publish","format-standard","has-post-thumbnail","hentry","category-seguridad-y-justicia","tag-grid","tag-news","tag-slide"],"_links":{"self":[{"href":"http:\/\/elobservatorio.com.mx\/index.php?rest_route=\/wp\/v2\/posts\/31779"}],"collection":[{"href":"http:\/\/elobservatorio.com.mx\/index.php?rest_route=\/wp\/v2\/posts"}],"about":[{"href":"http:\/\/elobservatorio.com.mx\/index.php?rest_route=\/wp\/v2\/types\/post"}],"author":[{"embeddable":true,"href":"http:\/\/elobservatorio.com.mx\/index.php?rest_route=\/wp\/v2\/users\/2"}],"replies":[{"embeddable":true,"href":"http:\/\/elobservatorio.com.mx\/index.php?rest_route=%2Fwp%2Fv2%2Fcomments&post=31779"}],"version-history":[{"count":1,"href":"http:\/\/elobservatorio.com.mx\/index.php?rest_route=\/wp\/v2\/posts\/31779\/revisions"}],"predecessor-version":[{"id":31781,"href":"http:\/\/elobservatorio.com.mx\/index.php?rest_route=\/wp\/v2\/posts\/31779\/revisions\/31781"}],"wp:featuredmedia":[{"embeddable":true,"href":"http:\/\/elobservatorio.com.mx\/index.php?rest_route=\/wp\/v2\/media\/31780"}],"wp:attachment":[{"href":"http:\/\/elobservatorio.com.mx\/index.php?rest_route=%2Fwp%2Fv2%2Fmedia&parent=31779"}],"wp:term":[{"taxonomy":"category","embeddable":true,"href":"http:\/\/elobservatorio.com.mx\/index.php?rest_route=%2Fwp%2Fv2%2Fcategories&post=31779"},{"taxonomy":"post_tag","embeddable":true,"href":"http:\/\/elobservatorio.com.mx\/index.php?rest_route=%2Fwp%2Fv2%2Ftags&post=31779"}],"curies":[{"name":"wp","href":"https:\/\/api.w.org\/{rel}","templated":true}]}}