{"id":31797,"date":"2025-01-08T16:58:00","date_gmt":"2025-01-08T22:58:00","guid":{"rendered":"http:\/\/elobservatorio.com.mx\/?p=31797"},"modified":"2025-01-08T16:58:00","modified_gmt":"2025-01-08T22:58:00","slug":"sigue-abierta-la-invitacion-del-dif-para-participar-en-la-campana-de-matrimonios-colectivos-2025","status":"publish","type":"post","link":"http:\/\/elobservatorio.com.mx\/?p=31797","title":{"rendered":"Sigue abierta la invitaci\u00f3n del Dif para participar en la campa\u00f1a de Matrimonios colectivos 2025"},"content":{"rendered":"<p>Mili Cuevas Verduzco, presidenta del DIF municipal de Tecom\u00e1n, dio a conocer que con el respaldo del presidente municipal Armando Reyna, se contin\u00faa con la campa\u00f1a de Matrimonios Colectivos 2025, en donde se busca que las parejas que viven ya en uni\u00f3n libre, cuenten con la documentaci\u00f3n legal que acredite su matrimonio sin costo alguno.<\/p>\n<p>Coment\u00f3 que el evento oficial se llevar\u00e1 a cabo el pr\u00f3ximo 14 de febrero del 2025, a las 10 de la ma\u00f1ana, en las instalaciones de la casa de la cultura, dentro del marco del d\u00eda de San Valent\u00edn, ante la presencia del alcalde Armando Reyna y del oficial del registro civil quien realizar\u00e1 el acto oficial.<\/p>\n<p>Agreg\u00f3 que la campa\u00f1a concluir\u00e1 hasta el pr\u00f3ximo 31 de enero del 2025, los interesados deber\u00e1n acudir a la oficina de gesti\u00f3n social del DIF Municipal ubicada en calle Rio Soto la Marina No. 425, en la colonia Indeco en horario de 8:30 de la ma\u00f1ana a 2:30 de la tarde de lunes a viernes.<\/p>\n<p>Los requisitos que deber\u00e1n presentar son copia del acta de nacimiento de ambos contrayentes, copia de la credencial de elector de ambos, carta de solter\u00eda en caso de estar registrados fuera del municipio, en caso de ser divorciado, presentar copia del acta de divorcio o copia de defunci\u00f3n en caso de ser viudo.<\/p>\n<p>Por \u00faltimo, Mili Cuevas, mencion\u00f3 que el proceso no tiene costo alguno, invitando a las parejas que se encuentran en un estado civil irregular, aprovechen esta campa\u00f1a para que cuenten ya con certeza jur\u00eddica y adem\u00e1s, dentro del \u00e1mbito laboral y familiar en un futuro le ser\u00e1 de buen apoyo<\/p>\n","protected":false},"excerpt":{"rendered":"<p>Mili Cuevas Verduzco, presidenta del DIF municipal de Tecom\u00e1n, dio a conocer que con el respaldo del presidente municipal Armando Reyna, se contin\u00faa con la campa\u00f1a de Matrimonios Colectivos 2025, en donde se busca que las parejas que viven ya en uni\u00f3n libre, cuenten con la documentaci\u00f3n legal que acredite su matrimonio sin costo alguno&#8230;.<\/p>\n","protected":false},"author":2,"featured_media":31798,"comment_status":"closed","ping_status":"open","sticky":false,"template":"","format":"standard","meta":{"footnotes":""},"categories":[8,34],"tags":[29,30,28],"class_list":["post-31797","post","type-post","status-publish","format-standard","has-post-thumbnail","hentry","category-municipios","category-tecoman","tag-grid","tag-news","tag-slider"],"_links":{"self":[{"href":"http:\/\/elobservatorio.com.mx\/index.php?rest_route=\/wp\/v2\/posts\/31797"}],"collection":[{"href":"http:\/\/elobservatorio.com.mx\/index.php?rest_route=\/wp\/v2\/posts"}],"about":[{"href":"http:\/\/elobservatorio.com.mx\/index.php?rest_route=\/wp\/v2\/types\/post"}],"author":[{"embeddable":true,"href":"http:\/\/elobservatorio.com.mx\/index.php?rest_route=\/wp\/v2\/users\/2"}],"replies":[{"embeddable":true,"href":"http:\/\/elobservatorio.com.mx\/index.php?rest_route=%2Fwp%2Fv2%2Fcomments&post=31797"}],"version-history":[{"count":1,"href":"http:\/\/elobservatorio.com.mx\/index.php?rest_route=\/wp\/v2\/posts\/31797\/revisions"}],"predecessor-version":[{"id":31799,"href":"http:\/\/elobservatorio.com.mx\/index.php?rest_route=\/wp\/v2\/posts\/31797\/revisions\/31799"}],"wp:featuredmedia":[{"embeddable":true,"href":"http:\/\/elobservatorio.com.mx\/index.php?rest_route=\/wp\/v2\/media\/31798"}],"wp:attachment":[{"href":"http:\/\/elobservatorio.com.mx\/index.php?rest_route=%2Fwp%2Fv2%2Fmedia&parent=31797"}],"wp:term":[{"taxonomy":"category","embeddable":true,"href":"http:\/\/elobservatorio.com.mx\/index.php?rest_route=%2Fwp%2Fv2%2Fcategories&post=31797"},{"taxonomy":"post_tag","embeddable":true,"href":"http:\/\/elobservatorio.com.mx\/index.php?rest_route=%2Fwp%2Fv2%2Ftags&post=31797"}],"curies":[{"name":"wp","href":"https:\/\/api.w.org\/{rel}","templated":true}]}}