{"id":31800,"date":"2025-01-08T17:33:08","date_gmt":"2025-01-08T23:33:08","guid":{"rendered":"http:\/\/elobservatorio.com.mx\/?p=31800"},"modified":"2025-01-08T17:33:08","modified_gmt":"2025-01-08T23:33:08","slug":"madeja-de-colores-retratos-de-pancha-magana-en-el-museo-de-artes-populares","status":"publish","type":"post","link":"http:\/\/elobservatorio.com.mx\/?p=31800","title":{"rendered":"\u201cMadeja de colores\u201d, retratos de Pancha Maga\u00f1a en el Museo de Artes Populares"},"content":{"rendered":"<ul>\n<li><em>La exposici\u00f3n representa una oportunidad \u00fanica para apreciar el trabajo de una de las artistas m\u00e1s conocidas de la regi\u00f3n, quien ha dedicado m\u00e1s de 40 a\u00f1os a su labor creativa<\/em>.<\/li>\n<\/ul>\n<p>El Museo de Artes Populares \u201cMa. Teresa Pomar\u201d de la Universidad de Colima, invita al p\u00fablico a disfrutar de la exposici\u00f3n \u201cMadeja de colores, ojos, color y pincel\u201d, una colecci\u00f3n de 38 retratos realizados por la reconocida artista colimense Pancha Maga\u00f1a. La muestra fue inaugurada el pasado mes de diciembre y permanecer\u00e1 abierta hasta marzo de 2025.<\/p>\n<p>Esta propuesta sintetiza cuatro a\u00f1os de dedicaci\u00f3n art\u00edstica en los que Pancha Maga\u00f1a explor\u00f3 el g\u00e9nero del retrato para capturar la esencia de destacados artistas, intelectuales, universitarios y personajes de la vida p\u00fablica del estado. Cada obra refleja la particular visi\u00f3n de la artista, quien dedic\u00f3 tres horas diarias a la creaci\u00f3n de esta serie, utilizando una vibrante paleta de colores que transmite la energ\u00eda \u00fanica de cada persona retratada.<\/p>\n<p>Pancha Maga\u00f1a, cuya obra gr\u00e1fica ha trascendido fronteras y se encuentra en pa\u00edses como Alemania, Polonia, Brasil, Estados Unidos y Jap\u00f3n, comparte en esta exposici\u00f3n una faceta menos conocida de su trabajo: el retrato al \u00f3leo. La artista, ganadora del tercer lugar del Premio Internacional Valent\u00edn Ruiz Aznar en 2004, ha sido adem\u00e1s una incansable formadora de nuevas generaciones de artistas a trav\u00e9s de talleres como \u201cLa Finca del Arte\u201d y \u201cEl Zagu\u00e1n\u201d y es una pionera de las galer\u00edas de exposiciones en el estado.<\/p>\n<p>La exposici\u00f3n representa una oportunidad \u00fanica para apreciar el trabajo de una de las artistas m\u00e1s conocidas de la regi\u00f3n, quien ha dedicado m\u00e1s de 40 a\u00f1os a su labor creativa. El Museo de Artes Populares abre sus puertas a todos los colimenses y visitantes que deseen sumergirse en esta notable colecci\u00f3n que celebra el talento y la diversidad cultural de Colima.<\/p>\n<p>Durante la inauguraci\u00f3n, el coordinador general de Extensi\u00f3n Universitaria, Carlos Ram\u00edrez Vuelvas, destac\u00f3 el valor de esta muestra como un homenaje a la maestra Pancha Maga\u00f1a y a su compromiso con el arte y la cultura. \u201cEsta exposici\u00f3n nos invita a descubrir una de las facetas menos conocida de la artista, adem\u00e1s de inspirarnos con su labor en la preservaci\u00f3n del patrimonio cultural\u201d, afirm\u00f3.<\/p>\n<p>El director del Museo, Guillermo Bricio Barrios, se\u00f1al\u00f3 que cada retrato representa un gesto de generosidad de la artista hacia las personas retratadas, mientras que el director general de Patrimonio Cultural Universitario, David Delgado Rodr\u00edguez, subray\u00f3 la influencia de Maga\u00f1a en las nuevas generaciones de artistas y su importante legado en la formaci\u00f3n del acervo cultural universitario.<\/p>\n<p>Por su parte, Pancha Maga\u00f1a expres\u00f3 su entusiasmo por esta colecci\u00f3n, una exploraci\u00f3n del g\u00e9nero del retrato que no hab\u00eda abordado profundamente en sus m\u00e1s de 40<\/p>\n<p>a\u00f1os de carrera. \u201cCada obra es el resultado de disciplina y dedicaci\u00f3n diaria. Estoy feliz de compartir con el p\u00fablico un trabajo que refleja mi pasi\u00f3n por el arte y las personas que me inspiran\u201d, coment\u00f3.<\/p>\n<p>La exposici\u00f3n \u201cMadeja de colores, ojos, color y pincel\u201d estar\u00e1 disponible en el MUAP hasta marzo de este a\u00f1o, con horarios de martes a s\u00e1bado: de 10:00 a 14:00 horas y de 17:00 a 20:00 horas y los domingos de 10:00 a 13:00 horas.<\/p>\n","protected":false},"excerpt":{"rendered":"<p>La exposici\u00f3n representa una oportunidad \u00fanica para apreciar el trabajo de una de las artistas m\u00e1s conocidas de la regi\u00f3n, quien ha dedicado m\u00e1s de 40 a\u00f1os a su labor creativa. El Museo de Artes Populares \u201cMa. Teresa Pomar\u201d de la Universidad de Colima, invita al p\u00fablico a disfrutar de la exposici\u00f3n \u201cMadeja de colores,&#8230;<\/p>\n","protected":false},"author":2,"featured_media":31801,"comment_status":"closed","ping_status":"open","sticky":false,"template":"","format":"standard","meta":{"footnotes":""},"categories":[14],"tags":[29,30,28],"class_list":["post-31800","post","type-post","status-publish","format-standard","has-post-thumbnail","hentry","category-educacion-y-cultura","tag-grid","tag-news","tag-slider"],"_links":{"self":[{"href":"http:\/\/elobservatorio.com.mx\/index.php?rest_route=\/wp\/v2\/posts\/31800"}],"collection":[{"href":"http:\/\/elobservatorio.com.mx\/index.php?rest_route=\/wp\/v2\/posts"}],"about":[{"href":"http:\/\/elobservatorio.com.mx\/index.php?rest_route=\/wp\/v2\/types\/post"}],"author":[{"embeddable":true,"href":"http:\/\/elobservatorio.com.mx\/index.php?rest_route=\/wp\/v2\/users\/2"}],"replies":[{"embeddable":true,"href":"http:\/\/elobservatorio.com.mx\/index.php?rest_route=%2Fwp%2Fv2%2Fcomments&post=31800"}],"version-history":[{"count":1,"href":"http:\/\/elobservatorio.com.mx\/index.php?rest_route=\/wp\/v2\/posts\/31800\/revisions"}],"predecessor-version":[{"id":31802,"href":"http:\/\/elobservatorio.com.mx\/index.php?rest_route=\/wp\/v2\/posts\/31800\/revisions\/31802"}],"wp:featuredmedia":[{"embeddable":true,"href":"http:\/\/elobservatorio.com.mx\/index.php?rest_route=\/wp\/v2\/media\/31801"}],"wp:attachment":[{"href":"http:\/\/elobservatorio.com.mx\/index.php?rest_route=%2Fwp%2Fv2%2Fmedia&parent=31800"}],"wp:term":[{"taxonomy":"category","embeddable":true,"href":"http:\/\/elobservatorio.com.mx\/index.php?rest_route=%2Fwp%2Fv2%2Fcategories&post=31800"},{"taxonomy":"post_tag","embeddable":true,"href":"http:\/\/elobservatorio.com.mx\/index.php?rest_route=%2Fwp%2Fv2%2Ftags&post=31800"}],"curies":[{"name":"wp","href":"https:\/\/api.w.org\/{rel}","templated":true}]}}