{"id":31806,"date":"2025-01-10T12:29:42","date_gmt":"2025-01-10T18:29:42","guid":{"rendered":"https:\/\/elobservatorio.com.mx\/?p=31806"},"modified":"2025-01-10T12:29:42","modified_gmt":"2025-01-10T18:29:42","slug":"fge-cumplimenta-orden-de-aprehension-por-el-delito-de-secuestro","status":"publish","type":"post","link":"http:\/\/elobservatorio.com.mx\/?p=31806","title":{"rendered":"FGE cumplimenta Orden de Aprehensi\u00f3n por el delito de secuestro"},"content":{"rendered":"<p>La Fiscal\u00eda General del Estado (FGE), ejecut\u00f3 orden de aprehensi\u00f3n en contra de Oscar Manuel \u201cN\u201d, de 32 a\u00f1os de edad, como presunto responsable del delito de secuestro en los t\u00e9rminos de autor\u00eda y participaci\u00f3n, y asociaci\u00f3n delictuosa en su modalidad de delincuencia organizada.<\/p>\n<p>Elementos de la Polic\u00eda de Investigaci\u00f3n, adscritos a esta instituci\u00f3n dieron cumplimiento a dicho mandamiento ordenado por el Juez de Control, la ma\u00f1ana del 09 de enero del a\u00f1o en curso en la comunidad de Jalipa, Manzanillo, en contra del imputado por su probable responsabilidad en el delito referido cometido en agravio de un masculino en hechos ocurridos dentro del municipio de Colima.<\/p>\n<p>Cabe se\u00f1alar que Oscar Manuel \u201cN\u201d cuenta con otras \u00f3rdenes de aprehensi\u00f3n en su contra por distintos delitos y fue puesto a disposici\u00f3n del \u00f3rgano jurisdiccional que continuar\u00e1 el proceso para resolver su situaci\u00f3n legal.<\/p>\n<p>La FGE refrenda su firme compromiso con las y los colimenses para garantizar el Estado de Derecho y reitera que ninguna conducta delictiva quedar\u00e1 impune.<\/p>\n<p>Para lograr mayores resultados en esta materia, la instituci\u00f3n llama a la ciudadan\u00eda a contribuir mediante la denuncia an\u00f3nima a los n\u00fameros 089 y 911 para las emergencias, su reporte es importante para las investigaciones que realiza la autoridad, as\u00ed como para el combate de los actos delictivos.<\/p>\n","protected":false},"excerpt":{"rendered":"<p>La Fiscal\u00eda General del Estado (FGE), ejecut\u00f3 orden de aprehensi\u00f3n en contra de Oscar Manuel \u201cN\u201d, de 32 a\u00f1os de edad, como presunto responsable del delito de secuestro en los t\u00e9rminos de autor\u00eda y participaci\u00f3n, y asociaci\u00f3n delictuosa en su modalidad de delincuencia organizada. Elementos de la Polic\u00eda de Investigaci\u00f3n, adscritos a esta instituci\u00f3n dieron&#8230;<\/p>\n","protected":false},"author":2,"featured_media":31807,"comment_status":"closed","ping_status":"open","sticky":false,"template":"","format":"standard","meta":{"footnotes":""},"categories":[15],"tags":[29,30,54],"class_list":["post-31806","post","type-post","status-publish","format-standard","has-post-thumbnail","hentry","category-seguridad-y-justicia","tag-grid","tag-news","tag-slide"],"_links":{"self":[{"href":"http:\/\/elobservatorio.com.mx\/index.php?rest_route=\/wp\/v2\/posts\/31806"}],"collection":[{"href":"http:\/\/elobservatorio.com.mx\/index.php?rest_route=\/wp\/v2\/posts"}],"about":[{"href":"http:\/\/elobservatorio.com.mx\/index.php?rest_route=\/wp\/v2\/types\/post"}],"author":[{"embeddable":true,"href":"http:\/\/elobservatorio.com.mx\/index.php?rest_route=\/wp\/v2\/users\/2"}],"replies":[{"embeddable":true,"href":"http:\/\/elobservatorio.com.mx\/index.php?rest_route=%2Fwp%2Fv2%2Fcomments&post=31806"}],"version-history":[{"count":1,"href":"http:\/\/elobservatorio.com.mx\/index.php?rest_route=\/wp\/v2\/posts\/31806\/revisions"}],"predecessor-version":[{"id":31808,"href":"http:\/\/elobservatorio.com.mx\/index.php?rest_route=\/wp\/v2\/posts\/31806\/revisions\/31808"}],"wp:featuredmedia":[{"embeddable":true,"href":"http:\/\/elobservatorio.com.mx\/index.php?rest_route=\/wp\/v2\/media\/31807"}],"wp:attachment":[{"href":"http:\/\/elobservatorio.com.mx\/index.php?rest_route=%2Fwp%2Fv2%2Fmedia&parent=31806"}],"wp:term":[{"taxonomy":"category","embeddable":true,"href":"http:\/\/elobservatorio.com.mx\/index.php?rest_route=%2Fwp%2Fv2%2Fcategories&post=31806"},{"taxonomy":"post_tag","embeddable":true,"href":"http:\/\/elobservatorio.com.mx\/index.php?rest_route=%2Fwp%2Fv2%2Ftags&post=31806"}],"curies":[{"name":"wp","href":"https:\/\/api.w.org\/{rel}","templated":true}]}}