{"id":31809,"date":"2025-01-10T12:34:04","date_gmt":"2025-01-10T18:34:04","guid":{"rendered":"https:\/\/elobservatorio.com.mx\/?p=31809"},"modified":"2025-01-10T12:34:04","modified_gmt":"2025-01-10T18:34:04","slug":"destaca-rector-capacidad-de-universitarios-para-enfrentar-retos-y-desafios","status":"publish","type":"post","link":"http:\/\/elobservatorio.com.mx\/?p=31809","title":{"rendered":"Destaca rector capacidad de universitarios para enfrentar retos y desaf\u00edos"},"content":{"rendered":"<p><strong>*Christian Torres Ortiz se re\u00fane con personal del SUTUC y la FEUC para partir la rosca de reyes y para hablar de los retos a enfrentar este 2025.<\/strong><\/p>\n<p>El rector de la Universidad de Colima, Christian Torres Ortiz Zerme\u00f1o, se reuni\u00f3 este jueves por la ma\u00f1ana con integrantes del Comit\u00e9 Ejecutivo Central del Sindicato \u00danico de Trabajadores de la Universidad de Colima (SUTUC) y de la Federaci\u00f3n de Egresados de la Universidad de Colima (FEUC), para desearles un buen inicio de a\u00f1o y dialogar con ellos y ellas sobre los retos que vienen para la instituci\u00f3n este 2025. Adem\u00e1s, parti\u00f3 la tradicional rosca de reyes.<\/p>\n<p>Durante su mensaje, en instalaciones del SUTUC, el rector destac\u00f3 el hecho de que muchos universitarios y universitarias mostraran en redes su gusto por regresar al trabajo luego del periodo vacacional. \u201cCuando uno est\u00e1 bien, cuando uno tiene ganas de trabajar y tiene salud, las cosas funcionan\u201d, coment\u00f3.<\/p>\n<p>Adelant\u00f3 que \u201ceste a\u00f1o todas las universidades p\u00fablicas del pa\u00eds tenemos bastantes retos y desaf\u00edos, pero consideramos que vamos por buen camino; ese buen camino se explica en mucho por el ambiente de armon\u00eda, solidaridad y de pertenencia que hay en las y los trabajadores de la Universidad de Colima\u201d.<\/p>\n<p>Llam\u00f3 la atenci\u00f3n en el hecho de lo dif\u00edcil que le resultar\u00eda a cualquier instituci\u00f3n educativa del pa\u00eds \u201ccrecer o avanzar si sus trabajadores no se comprometen al mil por ciento. Me da mucho gusto ver a la gente contenta, con ganas de trabajar y con ganas de que mejore su universidad; por ello, quiero pedirles que trabajemos de la mano sindicato y universidad, para seguir cuidando a nuestra instituci\u00f3n\u201d.<\/p>\n<p>Luis Enrique Zamorano Manr\u00edquez, secretario general del SUTUC, se\u00f1al\u00f3 que este 2025 es muy especial para la vida del sindicato, \u201cpues tenemos revisi\u00f3n salarial, revisi\u00f3n de contrato colectivo de trabajo, as\u00ed como la elecci\u00f3n del Comit\u00e9 Ejecutivo Central, por lo que todas y todos estamos comprometidos al cien por ciento con el trabajo sindical y el trabajo institucional\u201d.<\/p>\n<p>Reconoci\u00f3, por \u00faltimo, que las y los universitarios \u201ctrabajamos en una de las instituciones mejor rankeadas del pa\u00eds y contamos con uno de los mejores contratos colectivos de trabajo a nivel nacional; todo esto es gracias al trabajo que realizamos en conjunto, al entendimiento, al di\u00e1logo y al cuidado de nuestra propia instituci\u00f3n, pues sabemos que si a la instituci\u00f3n le va bien, les va bien a los trabajadores\u201d.<\/p>\n<p>Momentos m\u00e1s tarde, al reunirse con integrantes y expresidentes y expresidentas de la Federaci\u00f3n de Egresados de esta Casa de Estudios, el rector pidi\u00f3 que con sus liderazgos ayuden a crecer a este gremio. \u201cCelebro los esfuerzos que han venido realizando para fortalecer, organizar y gestionar el contacto permanente con nuestros egresados, por lo que quiero pedirles que nos puedan ayudar a crecer y a invitar a m\u00e1s egresados a que formen parte de la FEUC. Esta federaci\u00f3n, a casi 40 a\u00f1os de creada, se ha convertido en un pilar muy importante de la Universidad de Colima\u201d.<\/p>\n<p>Ante los retos y desaf\u00edos que vislumbra en este a\u00f1o, el rector se mostr\u00f3 confiado en que la instituci\u00f3n los podr\u00e1 enfrentar de la mejor manera, \u201cpues la unidad, la capacidad de su gente y la identidad que tienen con su Universidad, me da mucha confianza\u201d.<\/p>\n<p>Por \u00faltimo, Carolina Venegas, presidenta de la FEUC, agradeci\u00f3 a los miembros del comit\u00e9 por su respaldo y apoyo para poder concluir \u201cun 2024 lleno de aprendizajes, logros y desaf\u00edos; agradezco la compa\u00f1\u00eda de cada uno de ustedes y su respaldo. Gracias por todo lo hecho, por todas las metas y todos los retos\u201d.<\/p>\n<p>Agreg\u00f3, para terminar, que la Federaci\u00f3n de Egresados \u201ces le gremio m\u00e1s grande en nuestro estado, por lo que es importante redoblar esfuerzos, sumar a m\u00e1s egresados y egresadas a la Federaci\u00f3n, y trabajar en unidad y en equipo con el compromiso de retribuir lo mucho que nos ha dado la Universidad\u201d.<\/p>\n","protected":false},"excerpt":{"rendered":"<p>*Christian Torres Ortiz se re\u00fane con personal del SUTUC y la FEUC para partir la rosca de reyes y para hablar de los retos a enfrentar este 2025. El rector de la Universidad de Colima, Christian Torres Ortiz Zerme\u00f1o, se reuni\u00f3 este jueves por la ma\u00f1ana con integrantes del Comit\u00e9 Ejecutivo Central del Sindicato \u00danico&#8230;<\/p>\n","protected":false},"author":2,"featured_media":31810,"comment_status":"closed","ping_status":"open","sticky":false,"template":"","format":"standard","meta":{"footnotes":""},"categories":[1],"tags":[29,30,54],"class_list":["post-31809","post","type-post","status-publish","format-standard","has-post-thumbnail","hentry","category-espacio-legislativo","tag-grid","tag-news","tag-slide"],"_links":{"self":[{"href":"http:\/\/elobservatorio.com.mx\/index.php?rest_route=\/wp\/v2\/posts\/31809"}],"collection":[{"href":"http:\/\/elobservatorio.com.mx\/index.php?rest_route=\/wp\/v2\/posts"}],"about":[{"href":"http:\/\/elobservatorio.com.mx\/index.php?rest_route=\/wp\/v2\/types\/post"}],"author":[{"embeddable":true,"href":"http:\/\/elobservatorio.com.mx\/index.php?rest_route=\/wp\/v2\/users\/2"}],"replies":[{"embeddable":true,"href":"http:\/\/elobservatorio.com.mx\/index.php?rest_route=%2Fwp%2Fv2%2Fcomments&post=31809"}],"version-history":[{"count":1,"href":"http:\/\/elobservatorio.com.mx\/index.php?rest_route=\/wp\/v2\/posts\/31809\/revisions"}],"predecessor-version":[{"id":31811,"href":"http:\/\/elobservatorio.com.mx\/index.php?rest_route=\/wp\/v2\/posts\/31809\/revisions\/31811"}],"wp:featuredmedia":[{"embeddable":true,"href":"http:\/\/elobservatorio.com.mx\/index.php?rest_route=\/wp\/v2\/media\/31810"}],"wp:attachment":[{"href":"http:\/\/elobservatorio.com.mx\/index.php?rest_route=%2Fwp%2Fv2%2Fmedia&parent=31809"}],"wp:term":[{"taxonomy":"category","embeddable":true,"href":"http:\/\/elobservatorio.com.mx\/index.php?rest_route=%2Fwp%2Fv2%2Fcategories&post=31809"},{"taxonomy":"post_tag","embeddable":true,"href":"http:\/\/elobservatorio.com.mx\/index.php?rest_route=%2Fwp%2Fv2%2Ftags&post=31809"}],"curies":[{"name":"wp","href":"https:\/\/api.w.org\/{rel}","templated":true}]}}