{"id":31834,"date":"2025-01-13T14:55:18","date_gmt":"2025-01-13T20:55:18","guid":{"rendered":"https:\/\/elobservatorio.com.mx\/?p=31834"},"modified":"2025-01-13T14:55:18","modified_gmt":"2025-01-13T20:55:18","slug":"diputados-participan-en-arranque-del-foro-para-la-creacion-del-plan-nacional-de-desarrollo-2025-2030","status":"publish","type":"post","link":"http:\/\/elobservatorio.com.mx\/?p=31834","title":{"rendered":"Diputados participan en arranque del Foro para la creaci\u00f3n del Plan Nacional de Desarrollo 2025-2030"},"content":{"rendered":"<p>Diputadas y diputados asistieron al arranque del Foro de Transici\u00f3n Agroecol\u00f3gica y Desarrollo Sustentable para la creaci\u00f3n del Plan Nacional de Desarrollo 2025-2030, llevado a cabo este s\u00e1bado en las instalaciones de la Universidad Intercultural de Colima, ubicada en el municipio de Comala.<\/p>\n<p>Dicho evento forma parte de una serie de foros que se realizan en todo el pa\u00eds por iniciativa del Gobierno de M\u00e9xico, encabezado por la presidenta de la Rep\u00fablica, Claudia Sheinbaum Pardo, con el objetivo de fomentar, impulsar en incluir la participaci\u00f3n de la ciudadan\u00eda a trav\u00e9s de propuestas que conformar\u00e1n el Plan Nacional de Desarrollo de este sexenio.<\/p>\n<p>Para el caso del estado de Colima, las tem\u00e1ticas a tratar fueron las relacionadas con los efectos a la salud y el medio ambiente por el uso de plaguicidas; propiedad social de la tierra y agroecolog\u00eda; marco jur\u00eddico para la protecci\u00f3n del uso eficiente y gesti\u00f3n del agua para el uso dom\u00e9stico, entre otras.<\/p>\n<p>Asimismo, se realizaron mesas de trabajo en donde las y los participantes debatieron las principales necesidades de las comunidades, municipios, localidades, barrios y colonias, con los ejes de desarrollo sustentable, econom\u00eda moral y bienestar, buscando soluciones integrales para garantizar la seguridad alimentaria, mejorar la calidad de vida de las comunidades rurales, y enfrentar los retos del cambio clim\u00e1tico, bajo la visi\u00f3n de la prosperidad compartida.<\/p>\n<p>El evento inaugural estuvo encabezado por la Mtra. Indira Vizca\u00edno Silva, Gobernadora del estado; Fabiola Alejandra Gonz\u00e1lez P\u00e1ez en representaci\u00f3n de Alicia B\u00e1rcena, Secteraria de SEMARNAT del Gobierno de M\u00e9xico; Serafina Gallardo, directora del \u00c1rea de la Coordinaci\u00f3n General de Fomento a la econom\u00eda Ind\u00edgena en representaci\u00f3n del Lic. Adelfo Regino Montes; Daniela Orozco Pineda, Presidenta Municipal de Comala; Catalina Su\u00e1rez D\u00e1vila, Rectora de la Universidad Intercultural de Colima; Juana Laureano Aranda, campesina y representante de la comunidad de Zacualpan; Christian Torres Ort\u00edz, Rector de la Universidad de Colima; El\u00edas Lozano Secretario de Desarrollo Rural del Gobierno del Estado; el diputado local Alfredo \u00c1lvarez, representante de la Red Estatal de Agroecolog\u00eda; Ernesto Cu\u00e9llar Carri\u00f3n, director del Instituto Tecnol\u00f3gico de Colima y C\u00e9sar \u00c1reas de Le\u00f3n, coordinador acad\u00e9mico de la Universidad para el Bienestar Benito Ju\u00e1rez sede Armer\u00eda.<\/p>\n<p>Estuvieron presentes las y los legisladores Andrea Naranjo Alcaraz; \u00c1lvaro Lozano; Mirella Mart\u00ednez; Sharon D\u00edaz; Martha Far\u00edas, Jaime Enrique Sotelo Garc\u00eda y Betzaida Pinz\u00f3n.<\/p>\n","protected":false},"excerpt":{"rendered":"<p>Diputadas y diputados asistieron al arranque del Foro de Transici\u00f3n Agroecol\u00f3gica y Desarrollo Sustentable para la creaci\u00f3n del Plan Nacional de Desarrollo 2025-2030, llevado a cabo este s\u00e1bado en las instalaciones de la Universidad Intercultural de Colima, ubicada en el municipio de Comala. Dicho evento forma parte de una serie de foros que se realizan&#8230;<\/p>\n","protected":false},"author":2,"featured_media":31835,"comment_status":"closed","ping_status":"open","sticky":false,"template":"","format":"standard","meta":{"footnotes":""},"categories":[1],"tags":[29,30,54],"class_list":["post-31834","post","type-post","status-publish","format-standard","has-post-thumbnail","hentry","category-espacio-legislativo","tag-grid","tag-news","tag-slide"],"_links":{"self":[{"href":"http:\/\/elobservatorio.com.mx\/index.php?rest_route=\/wp\/v2\/posts\/31834"}],"collection":[{"href":"http:\/\/elobservatorio.com.mx\/index.php?rest_route=\/wp\/v2\/posts"}],"about":[{"href":"http:\/\/elobservatorio.com.mx\/index.php?rest_route=\/wp\/v2\/types\/post"}],"author":[{"embeddable":true,"href":"http:\/\/elobservatorio.com.mx\/index.php?rest_route=\/wp\/v2\/users\/2"}],"replies":[{"embeddable":true,"href":"http:\/\/elobservatorio.com.mx\/index.php?rest_route=%2Fwp%2Fv2%2Fcomments&post=31834"}],"version-history":[{"count":1,"href":"http:\/\/elobservatorio.com.mx\/index.php?rest_route=\/wp\/v2\/posts\/31834\/revisions"}],"predecessor-version":[{"id":31836,"href":"http:\/\/elobservatorio.com.mx\/index.php?rest_route=\/wp\/v2\/posts\/31834\/revisions\/31836"}],"wp:featuredmedia":[{"embeddable":true,"href":"http:\/\/elobservatorio.com.mx\/index.php?rest_route=\/wp\/v2\/media\/31835"}],"wp:attachment":[{"href":"http:\/\/elobservatorio.com.mx\/index.php?rest_route=%2Fwp%2Fv2%2Fmedia&parent=31834"}],"wp:term":[{"taxonomy":"category","embeddable":true,"href":"http:\/\/elobservatorio.com.mx\/index.php?rest_route=%2Fwp%2Fv2%2Fcategories&post=31834"},{"taxonomy":"post_tag","embeddable":true,"href":"http:\/\/elobservatorio.com.mx\/index.php?rest_route=%2Fwp%2Fv2%2Ftags&post=31834"}],"curies":[{"name":"wp","href":"https:\/\/api.w.org\/{rel}","templated":true}]}}