{"id":31837,"date":"2025-01-13T14:57:13","date_gmt":"2025-01-13T20:57:13","guid":{"rendered":"https:\/\/elobservatorio.com.mx\/?p=31837"},"modified":"2025-01-13T14:57:13","modified_gmt":"2025-01-13T20:57:13","slug":"queremos-que-nuestras-tradiciones-sean-un-momento-de-reencuentro-para-mas-familias-riult-rivera","status":"publish","type":"post","link":"http:\/\/elobservatorio.com.mx\/?p=31837","title":{"rendered":"Queremos que nuestras tradiciones sean un momento de reencuentro para m\u00e1s familias: Riult Rivera"},"content":{"rendered":"<p><strong>++ Alcalde capitalino encabeza el tradicional recibimiento en las festividades en honor al Se\u00f1or de la Expiraci\u00f3n, en Lo de Villa.<\/strong><\/p>\n<p><strong>++\u00bbEl objetivo es rescatar nuestras tradiciones, se mantengan vivas y que m\u00e1s familias se sumen cada a\u00f1o a la fiesta\u00bb, afirm\u00f3 Riult Rivera.<\/strong><\/p>\n<p>Colima, Col., 12 de enero de 2025.- Este domingo, el Presidente Municipal de Colima, Riult Rivera Guti\u00e9rrez, encabez\u00f3 el tradicional recibimiento ofrecido por el Ayuntamiento de Colima a la comunidad de Lo de Villa, en el marco de sus fiestas patronales en honor al Se\u00f1or de la Expiraci\u00f3n. En el evento, que tuvo lugar a un costado de la plaza de Toros, el alcalde destac\u00f3 el trabajo constante para construir Otro Colima, uno m\u00e1s cercano y unido.<\/p>\n<p>Durante su mensaje, el presidente Riult Rivera subray\u00f3 que las festividades no s\u00f3lo buscan celebrar la tradici\u00f3n, sino tambi\u00e9n mejorar la convivencia familiar y social en un ambiente de seguridad.<\/p>\n<p>Asegur\u00f3 que, en aras de garantizar el disfrute y la paz, se implementar\u00e1 una pol\u00edtica de \u00abcero tolerancia\u00bb hacia quienes alteren el orden durante los festejos. Adem\u00e1s, se comprometi\u00f3 a continuar trabajando en los proyectos de infraestructura y servicios en las comunidades, como el tema del transporte p\u00fablico y el arreglo de calles.<\/p>\n<p>CIERRE CON BROCHE DE ORO<\/p>\n<p>El alcalde de Colima, tambi\u00e9n inform\u00f3 que las fiestas culminar\u00e1n el pr\u00f3ximo martes con una gran presentaci\u00f3n musical, destacando la actuaci\u00f3n de la Banda Devastadora, as\u00ed como tres grupos norte\u00f1os: Nuevo Estilo, Nueva Organizaci\u00f3n y M\u00e1xima Autoridad.<br \/>\nLa presentaci\u00f3n de estos artistas comenzar\u00e1 a las 8:00 de la noche y se espera que sirva como cierre perfecto para una celebraci\u00f3n llena de m\u00fasica, tradiciones y alegr\u00eda.<\/p>\n<p>\u201cEl objetivo es rescatar nuestras tradiciones y que, al igual que antes, Lo de Villa se llene de visitantes. Queremos que el nombre de esta comunidad siga sonando fuerte, que la tradici\u00f3n se mantenga viva y que m\u00e1s familias se sumen cada a\u00f1o a la fiesta\u00bb, afirm\u00f3 el alcalde.<\/p>\n<p>Tambi\u00e9n, resalt\u00f3 la importancia de crear un ambiente seguro y amigable para todos los asistentes; en este sentido, record\u00f3 que se reforzar\u00e1 la seguridad y que las autoridades estar\u00e1n vigilantes para garantizar que el festejo transcurra sin incidentes, permitiendo que las familias disfruten de un ambiente tranquilo.<\/p>\n<p>El Presidente Municipal estuvo acompa\u00f1ado por Miguel \u00c1ngel Brizuela, presidente de la Junta Municipal de Lo de Villa; Adriana Alejandra Rodr\u00edguez Brizuela, Reina de los festejos; Francisco \u00c1nzar, secretario del Ayuntamiento; Francisco Bravo, regidor; Christian Velasco, Oficial Mayor; y Agust\u00edn Trujillo, Director General Adjunto de Educaci\u00f3n, Cultura y Recreaci\u00f3n del municipio.<\/p>\n","protected":false},"excerpt":{"rendered":"<p>++ Alcalde capitalino encabeza el tradicional recibimiento en las festividades en honor al Se\u00f1or de la Expiraci\u00f3n, en Lo de Villa. ++\u00bbEl objetivo es rescatar nuestras tradiciones, se mantengan vivas y que m\u00e1s familias se sumen cada a\u00f1o a la fiesta\u00bb, afirm\u00f3 Riult Rivera. Colima, Col., 12 de enero de 2025.- Este domingo, el Presidente&#8230;<\/p>\n","protected":false},"author":2,"featured_media":31838,"comment_status":"closed","ping_status":"open","sticky":false,"template":"","format":"standard","meta":{"footnotes":""},"categories":[8,36],"tags":[29,30,54],"class_list":["post-31837","post","type-post","status-publish","format-standard","has-post-thumbnail","hentry","category-municipios","category-colima","tag-grid","tag-news","tag-slide"],"_links":{"self":[{"href":"http:\/\/elobservatorio.com.mx\/index.php?rest_route=\/wp\/v2\/posts\/31837"}],"collection":[{"href":"http:\/\/elobservatorio.com.mx\/index.php?rest_route=\/wp\/v2\/posts"}],"about":[{"href":"http:\/\/elobservatorio.com.mx\/index.php?rest_route=\/wp\/v2\/types\/post"}],"author":[{"embeddable":true,"href":"http:\/\/elobservatorio.com.mx\/index.php?rest_route=\/wp\/v2\/users\/2"}],"replies":[{"embeddable":true,"href":"http:\/\/elobservatorio.com.mx\/index.php?rest_route=%2Fwp%2Fv2%2Fcomments&post=31837"}],"version-history":[{"count":1,"href":"http:\/\/elobservatorio.com.mx\/index.php?rest_route=\/wp\/v2\/posts\/31837\/revisions"}],"predecessor-version":[{"id":31839,"href":"http:\/\/elobservatorio.com.mx\/index.php?rest_route=\/wp\/v2\/posts\/31837\/revisions\/31839"}],"wp:featuredmedia":[{"embeddable":true,"href":"http:\/\/elobservatorio.com.mx\/index.php?rest_route=\/wp\/v2\/media\/31838"}],"wp:attachment":[{"href":"http:\/\/elobservatorio.com.mx\/index.php?rest_route=%2Fwp%2Fv2%2Fmedia&parent=31837"}],"wp:term":[{"taxonomy":"category","embeddable":true,"href":"http:\/\/elobservatorio.com.mx\/index.php?rest_route=%2Fwp%2Fv2%2Fcategories&post=31837"},{"taxonomy":"post_tag","embeddable":true,"href":"http:\/\/elobservatorio.com.mx\/index.php?rest_route=%2Fwp%2Fv2%2Ftags&post=31837"}],"curies":[{"name":"wp","href":"https:\/\/api.w.org\/{rel}","templated":true}]}}