{"id":31843,"date":"2025-01-13T14:59:51","date_gmt":"2025-01-13T20:59:51","guid":{"rendered":"https:\/\/elobservatorio.com.mx\/?p=31843"},"modified":"2025-01-13T14:59:51","modified_gmt":"2025-01-13T20:59:51","slug":"el-presidente-riult-rivera-gutierrez-felicito-a-las-y-los-maestros-de-la-seccion-39-del-snte","status":"publish","type":"post","link":"http:\/\/elobservatorio.com.mx\/?p=31843","title":{"rendered":"El Presidente Riult Rivera Guti\u00e9rrez, felicit\u00f3 a las y los maestros de la Secci\u00f3n 39 del SNTE"},"content":{"rendered":"<p><strong>*El alcalde capitalino acudi\u00f3 al evento para celebrar el 66 aniversario de su fundaci\u00f3n.<\/strong><\/p>\n<p><strong>*Las maestras y maestros de esta Secci\u00f3n magisterial, son un eslab\u00f3n fundamental de la sociedad, dice Riult<\/strong><\/p>\n<p>Colima, Col., 13 de enero de 2025.- El presidente municipal de Colima, Riult Rivera Guti\u00e9rrez, felicit\u00f3 a las maestras y maestros que conforman la Secci\u00f3n 39 del Sindicato Nacional de Trabajadores de la Educaci\u00f3n, al festejarse en esta fecha el 66 aniversario de su fundaci\u00f3n.<\/p>\n<p>Luego de acudir al evento donde se llev\u00f3 a cabo el evento para celebrar el 66 aniversario de la Secci\u00f3n magisterial, el presidente municipal de Colima, felicit\u00f3 a todas y todos quienes conforman esta Secci\u00f3n, ya que en ella, dijo, se encuentran agrupados las y los docentes, quienes han dedicado su vida a educar a la poblaci\u00f3n.<\/p>\n<p>En su momento, un maestro o una maestra, nos motivaron a ense\u00f1arnos, a prepararnos, a educarnos, a capacitarnos, por eso mi humilde felicitaci\u00f3n, el gran reconocimiento y por supuesto un enorme agradecimiento por siempre dedicarse a favor de todas las ni\u00f1as, los ni\u00f1os y las personas de todas las edades que quieren educarse y acad\u00e9micamente quieren irse superando, pesto que son un eslab\u00f3n de la sociedad fundamental, a quienes queremos mucho y les agradecemos m\u00e1s.<\/p>\n<p>El presidente municipal de Colima, hizo llegar su sincera felicitaci\u00f3n al Comit\u00e9 de la Secci\u00f3n 39 del SNTE, que encabeza el maestro David Hern\u00e1ndez Viera, reconociendo en ellos a un gremio unido y trabajador, que diariamente lucha para alcanzar m\u00e1s y mejores conquistas para todos sus agremiados<\/p>\n","protected":false},"excerpt":{"rendered":"<p>*El alcalde capitalino acudi\u00f3 al evento para celebrar el 66 aniversario de su fundaci\u00f3n. *Las maestras y maestros de esta Secci\u00f3n magisterial, son un eslab\u00f3n fundamental de la sociedad, dice Riult Colima, Col., 13 de enero de 2025.- El presidente municipal de Colima, Riult Rivera Guti\u00e9rrez, felicit\u00f3 a las maestras y maestros que conforman la&#8230;<\/p>\n","protected":false},"author":2,"featured_media":31844,"comment_status":"closed","ping_status":"open","sticky":false,"template":"","format":"standard","meta":{"footnotes":""},"categories":[8,36],"tags":[29,30,54],"class_list":["post-31843","post","type-post","status-publish","format-standard","has-post-thumbnail","hentry","category-municipios","category-colima","tag-grid","tag-news","tag-slide"],"_links":{"self":[{"href":"http:\/\/elobservatorio.com.mx\/index.php?rest_route=\/wp\/v2\/posts\/31843"}],"collection":[{"href":"http:\/\/elobservatorio.com.mx\/index.php?rest_route=\/wp\/v2\/posts"}],"about":[{"href":"http:\/\/elobservatorio.com.mx\/index.php?rest_route=\/wp\/v2\/types\/post"}],"author":[{"embeddable":true,"href":"http:\/\/elobservatorio.com.mx\/index.php?rest_route=\/wp\/v2\/users\/2"}],"replies":[{"embeddable":true,"href":"http:\/\/elobservatorio.com.mx\/index.php?rest_route=%2Fwp%2Fv2%2Fcomments&post=31843"}],"version-history":[{"count":1,"href":"http:\/\/elobservatorio.com.mx\/index.php?rest_route=\/wp\/v2\/posts\/31843\/revisions"}],"predecessor-version":[{"id":31845,"href":"http:\/\/elobservatorio.com.mx\/index.php?rest_route=\/wp\/v2\/posts\/31843\/revisions\/31845"}],"wp:featuredmedia":[{"embeddable":true,"href":"http:\/\/elobservatorio.com.mx\/index.php?rest_route=\/wp\/v2\/media\/31844"}],"wp:attachment":[{"href":"http:\/\/elobservatorio.com.mx\/index.php?rest_route=%2Fwp%2Fv2%2Fmedia&parent=31843"}],"wp:term":[{"taxonomy":"category","embeddable":true,"href":"http:\/\/elobservatorio.com.mx\/index.php?rest_route=%2Fwp%2Fv2%2Fcategories&post=31843"},{"taxonomy":"post_tag","embeddable":true,"href":"http:\/\/elobservatorio.com.mx\/index.php?rest_route=%2Fwp%2Fv2%2Ftags&post=31843"}],"curies":[{"name":"wp","href":"https:\/\/api.w.org\/{rel}","templated":true}]}}