{"id":31849,"date":"2025-01-11T15:04:39","date_gmt":"2025-01-11T21:04:39","guid":{"rendered":"https:\/\/elobservatorio.com.mx\/?p=31849"},"modified":"2025-01-14T14:26:57","modified_gmt":"2025-01-14T20:26:57","slug":"eligen-a-alejandro-novela-como-nuevo-presidente-de-la-fec-para-el-periodo-2025-29","status":"publish","type":"post","link":"http:\/\/elobservatorio.com.mx\/?p=31849","title":{"rendered":"Eligen a Alejandro Novela como nuevo  presidente de la FEC para el periodo 2025-29"},"content":{"rendered":"<p><strong>*\u201cExiste una relaci\u00f3n muy estrecha, muy cercana y solidaria de la Federaci\u00f3n con la Universidad. Con la FEC hemos podido ver por los intereses, inquietudes y preocupaciones de las y los estudiantes\u201d: Christian Torres Ortiz.<\/strong><\/p>\n<p>Una vez electo como nuevo presidente de la Federaci\u00f3n de Estudiantes Colimenses (FEC) para el periodo 2025-2029, Jaime Alejandro Novela Casta\u00f1eda, acompa\u00f1ado por el actual presidente de la FEC, Camilo Alejandro Garc\u00eda Morales, visit\u00f3 al rector de la Universidad de Colima, Christian Jorge Torres Ortiz Zerme\u00f1o, con quien sostuvieron una reuni\u00f3n de acercamiento en la que hablaron de los pr\u00f3ximos planes de la Federaci\u00f3n y de la importancia de seguir trabajando en equipo para el beneficio de las y los estudiantes del estado.<\/p>\n<p>En entrevista, el rector Torres Ortiz Zerme\u00f1o reconoci\u00f3 en esta renovaci\u00f3n de la presidencia \u201cun proceso muy limpio, legitimado y apoyado no s\u00f3lo por planteles que son parte de la Universidad de Colima, sino tambi\u00e9n por otros que est\u00e1n en los alcances de la FEC\u201d.<\/p>\n<p>Felicit\u00f3 a Camilo Garc\u00eda, \u201cquien est\u00e1 en la antesala de terminar una gesti\u00f3n exitosa\u201d, y sobre todo al presidente electo.<\/p>\n<p>El rector agreg\u00f3 que continuar\u00e1 el trabajo conjunto, \u201cporque existe una relaci\u00f3n muy estrecha, muy cercana y solidaria de la Federaci\u00f3n con la Universidad. Con la FEC hemos podido ver por los intereses, inquietudes y preocupaciones de las y los estudiantes\u201d.<\/p>\n<p>El presidente electo, Alejandro Novela, coment\u00f3 que en su elecci\u00f3n \u201cse pudo palpar una gran armon\u00eda, con la participaci\u00f3n de m\u00e1s del 98 por ciento del estudiantado. Fue un proceso un\u00e1nime, transparente y arm\u00f3nico\u201d.<\/p>\n<p>Adelant\u00f3 que ya trabaja en su plan de trabajo, que contar\u00e1 con ejes en torno a la formaci\u00f3n y el desarrollo acad\u00e9mico, el emprendimiento, la innovaci\u00f3n, la formaci\u00f3n de liderazgos y la igualdad sustantiva. Su expectativa, concluy\u00f3, \u201ces estar a la altura de lo que requiere nuestra comunidad estudiantil colimense\u201d.<\/p>\n<p>Camilo Garc\u00eda, actual presidente de la FEC, reconoci\u00f3 que con la reciente elecci\u00f3n pudo pulsar en los y las estudiantes \u201cel compromiso de ejercer sus responsabilidades como representantes de sus escuelas, al tomar la decisi\u00f3n de qui\u00e9n encabezar\u00e1 la FEC durante los siguientes 4 a\u00f1os\u201d.<\/p>\n<p>Sobre Alejandro Novela, Camilo Garc\u00eda expres\u00f3 que desde hace a\u00f1os han coincidido en varias encomiendas dentro de la FEC. \u201cCuando encabec\u00e9 el comit\u00e9, \u00e9l me acompa\u00f1o como vicepresidente, por lo que hay un conocimiento de su persona y de sus habilidades que no me dejan duda de que ser\u00e1 un buen presidente dentro de la FEC\u201d.<\/p>\n","protected":false},"excerpt":{"rendered":"<p>*\u201cExiste una relaci\u00f3n muy estrecha, muy cercana y solidaria de la Federaci\u00f3n con la Universidad. Con la FEC hemos podido ver por los intereses, inquietudes y preocupaciones de las y los estudiantes\u201d: Christian Torres Ortiz. Una vez electo como nuevo presidente de la Federaci\u00f3n de Estudiantes Colimenses (FEC) para el periodo 2025-2029, Jaime Alejandro Novela&#8230;<\/p>\n","protected":false},"author":2,"featured_media":31850,"comment_status":"closed","ping_status":"open","sticky":false,"template":"","format":"standard","meta":{"footnotes":""},"categories":[10,12],"tags":[29,30,54],"class_list":["post-31849","post","type-post","status-publish","format-standard","has-post-thumbnail","hentry","category-politica","category-sociedad","tag-grid","tag-news","tag-slide"],"_links":{"self":[{"href":"http:\/\/elobservatorio.com.mx\/index.php?rest_route=\/wp\/v2\/posts\/31849"}],"collection":[{"href":"http:\/\/elobservatorio.com.mx\/index.php?rest_route=\/wp\/v2\/posts"}],"about":[{"href":"http:\/\/elobservatorio.com.mx\/index.php?rest_route=\/wp\/v2\/types\/post"}],"author":[{"embeddable":true,"href":"http:\/\/elobservatorio.com.mx\/index.php?rest_route=\/wp\/v2\/users\/2"}],"replies":[{"embeddable":true,"href":"http:\/\/elobservatorio.com.mx\/index.php?rest_route=%2Fwp%2Fv2%2Fcomments&post=31849"}],"version-history":[{"count":1,"href":"http:\/\/elobservatorio.com.mx\/index.php?rest_route=\/wp\/v2\/posts\/31849\/revisions"}],"predecessor-version":[{"id":31851,"href":"http:\/\/elobservatorio.com.mx\/index.php?rest_route=\/wp\/v2\/posts\/31849\/revisions\/31851"}],"wp:featuredmedia":[{"embeddable":true,"href":"http:\/\/elobservatorio.com.mx\/index.php?rest_route=\/wp\/v2\/media\/31850"}],"wp:attachment":[{"href":"http:\/\/elobservatorio.com.mx\/index.php?rest_route=%2Fwp%2Fv2%2Fmedia&parent=31849"}],"wp:term":[{"taxonomy":"category","embeddable":true,"href":"http:\/\/elobservatorio.com.mx\/index.php?rest_route=%2Fwp%2Fv2%2Fcategories&post=31849"},{"taxonomy":"post_tag","embeddable":true,"href":"http:\/\/elobservatorio.com.mx\/index.php?rest_route=%2Fwp%2Fv2%2Ftags&post=31849"}],"curies":[{"name":"wp","href":"https:\/\/api.w.org\/{rel}","templated":true}]}}