{"id":31862,"date":"2025-01-14T10:36:55","date_gmt":"2025-01-14T16:36:55","guid":{"rendered":"https:\/\/elobservatorio.com.mx\/?p=31862"},"modified":"2025-01-14T10:36:55","modified_gmt":"2025-01-14T16:36:55","slug":"se-suma-udec-a-dialogo-nacional-sobre-agroecologia-y-desarrollo-sustentable","status":"publish","type":"post","link":"http:\/\/elobservatorio.com.mx\/?p=31862","title":{"rendered":"Se suma UdeC a di\u00e1logo nacional sobre agroecolog\u00eda y desarrollo sustentable"},"content":{"rendered":"<p><strong>*\u201cLa UdeC responde activamente a esta iniciativa del Gobierno de M\u00e9xico, aportando la experiencia de nuestros especialistas para generar propuestas concretas que enriquezcan el Plan Nacional de Desarrollo\u201d: Christian Torres Ortiz, rector.<\/strong><\/p>\n<p>La Universidad de Colima refrend\u00f3 su liderazgo en investigaci\u00f3n agroecol\u00f3gica durante el Foro de Transici\u00f3n Agroecol\u00f3gica y Desarrollo Sustentable, celebrado este fin de semana en la Universidad Intercultural de Colima (UIC), en Comala. El evento, crucial para la construcci\u00f3n del Plan Nacional de Desarrollo 2025-2030, cont\u00f3 con una destacada participaci\u00f3n de acad\u00e9micos e investigadores de la m\u00e1xima casa de estudios del estado.<\/p>\n<p>Durante la ceremonia inaugural, presidida por la gobernadora Indira Vizca\u00edno Silva, el rector de la Universidad de Colima, Christian Jorge Torres Ortiz Zerme\u00f1o, subray\u00f3 el compromiso institucional con la soberan\u00eda alimentaria. \u201cLa UdeC responde activamente a esta iniciativa del Gobierno de M\u00e9xico, aportando la experiencia de nuestros especialistas para generar propuestas concretas que enriquezcan el Plan Nacional de Desarrollo\u201d.<\/p>\n<p>En la inauguraci\u00f3n tambi\u00e9n estuvieron la presidenta municipal de Comala, Daniela Orozco Pineda y la rectora de la UIC, Catalina Su\u00e1rez D\u00e1vila.<\/p>\n<p>El equipo cient\u00edfico de la Universidad de Colima tuvo una participaci\u00f3n sobresaliente en las mesas de trabajo. Por la Facultad de Ciencias Biol\u00f3gicas y Agropecuarias participaron los doctores Elvira Silva Jim\u00e9nez, Wilberth Chan Cupul, Jos\u00e9 Manuel Palma Garc\u00eda, Jos\u00e9 de Jes\u00fas Wilmer Valdovinos Nava y Marco Tulio Buen Rostro Nava, mientras que la Facultad de Ciencias Qu\u00edmicas estuvo representada por los investigadores Roberto Mu\u00f1iz y Silvia Guillermina. Sus aportaciones fueron fundamentales en temas como salud, alimentaci\u00f3n, impacto de plaguicidas y gesti\u00f3n del agua.<\/p>\n<p>El foro abord\u00f3 una amplia gama de temas cruciales, desde la relaci\u00f3n entre salud y agroecolog\u00eda hasta perspectivas innovadoras como el v\u00ednculo entre arte y producci\u00f3n sustentable. Tambi\u00e9n se discutieron aspectos fundamentales como la gesti\u00f3n eficiente del agua, justicia social, y la agricultura urbana y rural y transici\u00f3n agroecol\u00f3gica.<\/p>\n<p>Al evento tambi\u00e9n asistieron representantes de instituciones clave: Fabiola Gonz\u00e1lez P\u00e1ez por la Semarnat, Serafina Gallardo del INPI, la l\u00edder campesina Juana Laureano Aranda de Zacualpan, el secretario estatal de Desarrollo Rural El\u00edas Lozano, y el diputado Alfredo \u00c1lvarez Ram\u00edrez, representante de la Red Estatal de Agroecolog\u00eda y uno de los organizadores de este foro.<\/p>\n","protected":false},"excerpt":{"rendered":"<p>*\u201cLa UdeC responde activamente a esta iniciativa del Gobierno de M\u00e9xico, aportando la experiencia de nuestros especialistas para generar propuestas concretas que enriquezcan el Plan Nacional de Desarrollo\u201d: Christian Torres Ortiz, rector. La Universidad de Colima refrend\u00f3 su liderazgo en investigaci\u00f3n agroecol\u00f3gica durante el Foro de Transici\u00f3n Agroecol\u00f3gica y Desarrollo Sustentable, celebrado este fin de&#8230;<\/p>\n","protected":false},"author":2,"featured_media":31863,"comment_status":"closed","ping_status":"open","sticky":false,"template":"","format":"standard","meta":{"footnotes":""},"categories":[31,9,14],"tags":[29,30,54],"class_list":["post-31862","post","type-post","status-publish","format-standard","has-post-thumbnail","hentry","category-ciencia-y-tecnologia","category-agro-y-salud","category-educacion-y-cultura","tag-grid","tag-news","tag-slide"],"_links":{"self":[{"href":"http:\/\/elobservatorio.com.mx\/index.php?rest_route=\/wp\/v2\/posts\/31862"}],"collection":[{"href":"http:\/\/elobservatorio.com.mx\/index.php?rest_route=\/wp\/v2\/posts"}],"about":[{"href":"http:\/\/elobservatorio.com.mx\/index.php?rest_route=\/wp\/v2\/types\/post"}],"author":[{"embeddable":true,"href":"http:\/\/elobservatorio.com.mx\/index.php?rest_route=\/wp\/v2\/users\/2"}],"replies":[{"embeddable":true,"href":"http:\/\/elobservatorio.com.mx\/index.php?rest_route=%2Fwp%2Fv2%2Fcomments&post=31862"}],"version-history":[{"count":1,"href":"http:\/\/elobservatorio.com.mx\/index.php?rest_route=\/wp\/v2\/posts\/31862\/revisions"}],"predecessor-version":[{"id":31864,"href":"http:\/\/elobservatorio.com.mx\/index.php?rest_route=\/wp\/v2\/posts\/31862\/revisions\/31864"}],"wp:featuredmedia":[{"embeddable":true,"href":"http:\/\/elobservatorio.com.mx\/index.php?rest_route=\/wp\/v2\/media\/31863"}],"wp:attachment":[{"href":"http:\/\/elobservatorio.com.mx\/index.php?rest_route=%2Fwp%2Fv2%2Fmedia&parent=31862"}],"wp:term":[{"taxonomy":"category","embeddable":true,"href":"http:\/\/elobservatorio.com.mx\/index.php?rest_route=%2Fwp%2Fv2%2Fcategories&post=31862"},{"taxonomy":"post_tag","embeddable":true,"href":"http:\/\/elobservatorio.com.mx\/index.php?rest_route=%2Fwp%2Fv2%2Ftags&post=31862"}],"curies":[{"name":"wp","href":"https:\/\/api.w.org\/{rel}","templated":true}]}}