{"id":31866,"date":"2025-01-14T10:41:14","date_gmt":"2025-01-14T16:41:14","guid":{"rendered":"https:\/\/elobservatorio.com.mx\/?p=31866"},"modified":"2025-01-14T10:41:14","modified_gmt":"2025-01-14T16:41:14","slug":"imparten-matematicas-de-manera-creativa-en-la-udec","status":"publish","type":"post","link":"http:\/\/elobservatorio.com.mx\/?p=31866","title":{"rendered":"Imparten matem\u00e1ticas de manera creativa, en la UdeC"},"content":{"rendered":"<p><strong>*Durante las Jornadas Acad\u00e9micas 2025.<\/strong><\/p>\n<p>Andr\u00e9s Pedroza, acad\u00e9mico de la Facultad de Ciencias de la Universidad de Colima (UdeC) imparti\u00f3 el curso \u201cM\u00e1s all\u00e1 de los n\u00fameros: Estrategias creativas para desarrollar el pensamiento matem\u00e1tico\u201d, a docentes de nivel medio superior, como parte de las Jornadas Acad\u00e9micas 2025 que organiza la Direcci\u00f3n General de Desarrollo del Personal Acad\u00e9mico.<\/p>\n<p>En entrevista, Andr\u00e9s Pedroza coment\u00f3 que el curso consiste en dar herramientas m\u00e1s modernas a profesores de bachillerato que imparten matem\u00e1ticas: \u201cDaremos un repaso de conceptos b\u00e1sicos y veremos conceptos que les ayudar\u00e1n al momento de impartir sus clases\u201d.<\/p>\n<p>A las matem\u00e1ticas, coment\u00f3, se las ve como una materia cuadrada y nemot\u00e9cnica; \u201centonces, el objetivo de este curso es verlas de manera creativa; buscamos dar un giro a la manera de abordarla, razonar diferente y romper con la idea de que todo es memorizar, que todo es cuadrado y no hay flexibilidad. Es importante hacerlo entretenido, como si fueran acertijos\u201d, explic\u00f3.<\/p>\n<p>Coment\u00f3 que este curso es una de las estrategias de la UdeC, de actualizaci\u00f3n de docentes, para que impacten de manera m\u00e1s positiva en el desarrollo y formaci\u00f3n de las y los j\u00f3venes.<\/p>\n<p>Al curso asistieron profesores y profesoras de los bachilleratos de Colima, Villa de \u00c1lvarez, Tecom\u00e1n y Queser\u00eda, as\u00ed como de dos facultades.<\/p>\n","protected":false},"excerpt":{"rendered":"<p>*Durante las Jornadas Acad\u00e9micas 2025. Andr\u00e9s Pedroza, acad\u00e9mico de la Facultad de Ciencias de la Universidad de Colima (UdeC) imparti\u00f3 el curso \u201cM\u00e1s all\u00e1 de los n\u00fameros: Estrategias creativas para desarrollar el pensamiento matem\u00e1tico\u201d, a docentes de nivel medio superior, como parte de las Jornadas Acad\u00e9micas 2025 que organiza la Direcci\u00f3n General de Desarrollo del&#8230;<\/p>\n","protected":false},"author":2,"featured_media":31867,"comment_status":"closed","ping_status":"open","sticky":false,"template":"","format":"standard","meta":{"footnotes":""},"categories":[14,31],"tags":[29,30,54],"class_list":["post-31866","post","type-post","status-publish","format-standard","has-post-thumbnail","hentry","category-educacion-y-cultura","category-ciencia-y-tecnologia","tag-grid","tag-news","tag-slide"],"_links":{"self":[{"href":"http:\/\/elobservatorio.com.mx\/index.php?rest_route=\/wp\/v2\/posts\/31866"}],"collection":[{"href":"http:\/\/elobservatorio.com.mx\/index.php?rest_route=\/wp\/v2\/posts"}],"about":[{"href":"http:\/\/elobservatorio.com.mx\/index.php?rest_route=\/wp\/v2\/types\/post"}],"author":[{"embeddable":true,"href":"http:\/\/elobservatorio.com.mx\/index.php?rest_route=\/wp\/v2\/users\/2"}],"replies":[{"embeddable":true,"href":"http:\/\/elobservatorio.com.mx\/index.php?rest_route=%2Fwp%2Fv2%2Fcomments&post=31866"}],"version-history":[{"count":1,"href":"http:\/\/elobservatorio.com.mx\/index.php?rest_route=\/wp\/v2\/posts\/31866\/revisions"}],"predecessor-version":[{"id":31868,"href":"http:\/\/elobservatorio.com.mx\/index.php?rest_route=\/wp\/v2\/posts\/31866\/revisions\/31868"}],"wp:featuredmedia":[{"embeddable":true,"href":"http:\/\/elobservatorio.com.mx\/index.php?rest_route=\/wp\/v2\/media\/31867"}],"wp:attachment":[{"href":"http:\/\/elobservatorio.com.mx\/index.php?rest_route=%2Fwp%2Fv2%2Fmedia&parent=31866"}],"wp:term":[{"taxonomy":"category","embeddable":true,"href":"http:\/\/elobservatorio.com.mx\/index.php?rest_route=%2Fwp%2Fv2%2Fcategories&post=31866"},{"taxonomy":"post_tag","embeddable":true,"href":"http:\/\/elobservatorio.com.mx\/index.php?rest_route=%2Fwp%2Fv2%2Ftags&post=31866"}],"curies":[{"name":"wp","href":"https:\/\/api.w.org\/{rel}","templated":true}]}}