{"id":31885,"date":"2025-01-14T11:49:35","date_gmt":"2025-01-14T17:49:35","guid":{"rendered":"https:\/\/elobservatorio.com.mx\/?p=31885"},"modified":"2025-01-16T11:55:55","modified_gmt":"2025-01-16T17:55:55","slug":"udec-y-secretaria-de-educacion-suman-esfuerzos-para-mejorar-sus-servicios","status":"publish","type":"post","link":"http:\/\/elobservatorio.com.mx\/?p=31885","title":{"rendered":"UdeC y Secretar\u00eda de Educaci\u00f3n suman  esfuerzos para mejorar sus servicios"},"content":{"rendered":"<p><strong>*\u201cLos estudiantes de la Universidad de Colima, a trav\u00e9s de sus pr\u00e1cticas, realizar\u00e1n acompa\u00f1amiento, sobre todo en educaci\u00f3n b\u00e1sica y educaci\u00f3n especial\u201d: Adolfo N\u00fa\u00f1ez<\/strong><\/p>\n<p>La Universidad de Colima, la Secretar\u00eda de Educaci\u00f3n y Cultura y la Coordinaci\u00f3n de los Servicios Educativos del Estado De Colima, firmaron este lunes un convenio de colaboraci\u00f3n para que estudiantes de esta casa de estudios realicen su servicio constitucional y\/o pr\u00e1ctica profesional, en escuelas y centros de trabajo a cargo de dicha Secretar\u00eda.<\/p>\n<p>Adolfo N\u00fa\u00f1ez Gonz\u00e1lez, secretario de Educaci\u00f3n y Cultura, dijo que este convenio busca trabajar con los futuros formadores de ni\u00f1as, ni\u00f1os y j\u00f3venes de las instituciones del estado. \u201cLos estudiantes de la Universidad de Colima, a trav\u00e9s de sus pr\u00e1cticas, realizar\u00e1n acompa\u00f1amiento, sobre todo en educaci\u00f3n b\u00e1sica y educaci\u00f3n especial\u201d.<\/p>\n<p>En ese sentido, Leobardo George Oc\u00f3n, abogado general de la UdeC, dijo que este tipo de convenios \u201cno s\u00f3lo ayudan a que los estudiantes pongan en pr\u00e1ctica lo aprendido en las aulas, sino que tambi\u00e9n permiten formalizar los procesos internos de las facultades, y esto les ayuda en sus procesos de acreditaci\u00f3n\u201d.<\/p>\n<p>Por su parte, Mart\u00edn Generado Vargas, director de la Facultad de Ciencias de la Educaci\u00f3n (FCE), coment\u00f3 que este convenio ayuda, por una parte, \u201ca formar a nuestra raz\u00f3n de ser, que son los estudiantes, y de manera particular en la pr\u00e1ctica profesional y el servicio social, ya que les permite contrastar su formaci\u00f3n con la realidad\u201d.<\/p>\n<p>Agreg\u00f3 que el convenio permite que, a trav\u00e9s de las distintas escuelas y niveles, la Secretar\u00eda pueda atender las \u00e1reas con mayor necesidad de personal, enviando estudiantes que colaboren activamente en estas instituciones. \u201cSe trata de un acuerdo de ganar-ganar: la instituci\u00f3n fortalece la formaci\u00f3n de los estudiantes, la Secretar\u00eda cubre espacios importantes en las escuelas, y, en \u00faltima instancia, la sociedad se ve favorecida\u201d.<\/p>\n<p>Finalmente Cal\u00edope Mendoza Llamas, directora general de Servicio Social y Pr\u00e1ctica Profesional, coment\u00f3 que este convenio queda abierto para las diferentes carreras que se imparten en la Universidad de Colima.<\/p>\n<p>En la ceremonia estuvieron presentes, por parte de la Secretar\u00eda de Educaci\u00f3n y Cultura, Katia V\u00e1zquez Sol\u00f3rzano, subsecretaria de Educaci\u00f3n y directora general de la Coordinaci\u00f3n de Servicios Educativos, as\u00ed como representantes de Educaci\u00f3n B\u00e1sica, Educaci\u00f3n P\u00fablica, del \u00e1rea jur\u00eddica y de Educaci\u00f3n Superior y Media Superior.<\/p>\n<p>Y por parte de la Universidad de Colima, Luis Fernando Maciel, coordinador del \u00e1rea de Educaci\u00f3n F\u00edsica y Deporte; Lenin Barajas, coordinador de la maestr\u00eda en Intervenci\u00f3n<\/p>\n<p>Educativa, y Lourdes Lizeth Vizca\u00edno, coordinadora de la Licenciatura en Educaci\u00f3n Especial, todos de la Facultad de Ciencias de la Educaci\u00f3n.<\/p>\n","protected":false},"excerpt":{"rendered":"<p>*\u201cLos estudiantes de la Universidad de Colima, a trav\u00e9s de sus pr\u00e1cticas, realizar\u00e1n acompa\u00f1amiento, sobre todo en educaci\u00f3n b\u00e1sica y educaci\u00f3n especial\u201d: Adolfo N\u00fa\u00f1ez La Universidad de Colima, la Secretar\u00eda de Educaci\u00f3n y Cultura y la Coordinaci\u00f3n de los Servicios Educativos del Estado De Colima, firmaron este lunes un convenio de colaboraci\u00f3n para que estudiantes&#8230;<\/p>\n","protected":false},"author":2,"featured_media":31886,"comment_status":"closed","ping_status":"open","sticky":false,"template":"","format":"standard","meta":{"footnotes":""},"categories":[14],"tags":[29,54],"class_list":["post-31885","post","type-post","status-publish","format-standard","has-post-thumbnail","hentry","category-educacion-y-cultura","tag-grid","tag-slide"],"_links":{"self":[{"href":"http:\/\/elobservatorio.com.mx\/index.php?rest_route=\/wp\/v2\/posts\/31885"}],"collection":[{"href":"http:\/\/elobservatorio.com.mx\/index.php?rest_route=\/wp\/v2\/posts"}],"about":[{"href":"http:\/\/elobservatorio.com.mx\/index.php?rest_route=\/wp\/v2\/types\/post"}],"author":[{"embeddable":true,"href":"http:\/\/elobservatorio.com.mx\/index.php?rest_route=\/wp\/v2\/users\/2"}],"replies":[{"embeddable":true,"href":"http:\/\/elobservatorio.com.mx\/index.php?rest_route=%2Fwp%2Fv2%2Fcomments&post=31885"}],"version-history":[{"count":1,"href":"http:\/\/elobservatorio.com.mx\/index.php?rest_route=\/wp\/v2\/posts\/31885\/revisions"}],"predecessor-version":[{"id":31887,"href":"http:\/\/elobservatorio.com.mx\/index.php?rest_route=\/wp\/v2\/posts\/31885\/revisions\/31887"}],"wp:featuredmedia":[{"embeddable":true,"href":"http:\/\/elobservatorio.com.mx\/index.php?rest_route=\/wp\/v2\/media\/31886"}],"wp:attachment":[{"href":"http:\/\/elobservatorio.com.mx\/index.php?rest_route=%2Fwp%2Fv2%2Fmedia&parent=31885"}],"wp:term":[{"taxonomy":"category","embeddable":true,"href":"http:\/\/elobservatorio.com.mx\/index.php?rest_route=%2Fwp%2Fv2%2Fcategories&post=31885"},{"taxonomy":"post_tag","embeddable":true,"href":"http:\/\/elobservatorio.com.mx\/index.php?rest_route=%2Fwp%2Fv2%2Ftags&post=31885"}],"curies":[{"name":"wp","href":"https:\/\/api.w.org\/{rel}","templated":true}]}}