{"id":31897,"date":"2025-01-16T11:57:39","date_gmt":"2025-01-16T17:57:39","guid":{"rendered":"https:\/\/elobservatorio.com.mx\/?p=31897"},"modified":"2025-01-16T11:57:39","modified_gmt":"2025-01-16T17:57:39","slug":"en-villa-de-alvarez-cae-otro-sujeto-mas-por-robo-calificado-esta-vez-a-tienda-kiosko","status":"publish","type":"post","link":"http:\/\/elobservatorio.com.mx\/?p=31897","title":{"rendered":"En Villa de \u00c1lvarez  Cae otro sujeto m\u00e1s por robo calificado,  esta vez a tienda Kiosko"},"content":{"rendered":"<p><strong>+ El hecho sucedi\u00f3 en la colonia Real Bugambilias<\/strong><\/p>\n<p>La Fiscal\u00eda General del Estado (FGE) consigui\u00f3 otra vinculaci\u00f3n a proceso por el hecho que la ley establece como delito de robo calificado con violencia esta vez para Javier Alfonso \u201cN\u201d en agravio a una tienda Kiosko del municipio de Villa de \u00c1lvarez.<\/p>\n<p>De acuerdo a la carpeta de investigaci\u00f3n, en el mes de diciembre de 2024, el imputado acudi\u00f3 al establecimiento ubicado en la colonia Real Bugambilias, y con un arma de fuego, amenaz\u00f3 a las empleadas desapoder\u00e1ndolas de dinero en efectivo, varias botellas de bebidas alcoh\u00f3licas y 90 cajas de cigarros, para despu\u00e9s retirarse del establecimiento.<\/p>\n<p>Luego de lo acontecido, Javier Alfonso \u201cN\u201d fue detenido mediante una orden de aprehensi\u00f3n y puesto a disposici\u00f3n de la autoridad competente misma que a su vez lo remiti\u00f3 al Juez de Control quien le dict\u00f3 auto de vinculaci\u00f3n a proceso, le impuso la prisi\u00f3n preventiva oficiosa como medida cautelar y le otorg\u00f3 al Ministerio P\u00fablico el plazo de tres meses para el cierre de la investigaci\u00f3n complementaria.<\/p>\n<p>La FGE reitera su compromiso con la sociedad colimense de continuar en las labores de investigaci\u00f3n y persecuci\u00f3n de hechos delictivos que afectan el patrimonio de la ciudadan\u00eda.<\/p>\n<p>Es por ello que se sigue exhortando a que reporten de manera gratuita mediante las l\u00edneas telef\u00f3nicas 089 para las denuncias an\u00f3nimas y 911 ante las emergencias. Tu participaci\u00f3n es fundamental en el trabajo de las instituciones de seguridad.<\/p>\n","protected":false},"excerpt":{"rendered":"<p>+ El hecho sucedi\u00f3 en la colonia Real Bugambilias La Fiscal\u00eda General del Estado (FGE) consigui\u00f3 otra vinculaci\u00f3n a proceso por el hecho que la ley establece como delito de robo calificado con violencia esta vez para Javier Alfonso \u201cN\u201d en agravio a una tienda Kiosko del municipio de Villa de \u00c1lvarez. De acuerdo a&#8230;<\/p>\n","protected":false},"author":2,"featured_media":31898,"comment_status":"closed","ping_status":"open","sticky":false,"template":"","format":"standard","meta":{"footnotes":""},"categories":[15],"tags":[29,30,54],"class_list":["post-31897","post","type-post","status-publish","format-standard","has-post-thumbnail","hentry","category-seguridad-y-justicia","tag-grid","tag-news","tag-slide"],"_links":{"self":[{"href":"http:\/\/elobservatorio.com.mx\/index.php?rest_route=\/wp\/v2\/posts\/31897"}],"collection":[{"href":"http:\/\/elobservatorio.com.mx\/index.php?rest_route=\/wp\/v2\/posts"}],"about":[{"href":"http:\/\/elobservatorio.com.mx\/index.php?rest_route=\/wp\/v2\/types\/post"}],"author":[{"embeddable":true,"href":"http:\/\/elobservatorio.com.mx\/index.php?rest_route=\/wp\/v2\/users\/2"}],"replies":[{"embeddable":true,"href":"http:\/\/elobservatorio.com.mx\/index.php?rest_route=%2Fwp%2Fv2%2Fcomments&post=31897"}],"version-history":[{"count":1,"href":"http:\/\/elobservatorio.com.mx\/index.php?rest_route=\/wp\/v2\/posts\/31897\/revisions"}],"predecessor-version":[{"id":31899,"href":"http:\/\/elobservatorio.com.mx\/index.php?rest_route=\/wp\/v2\/posts\/31897\/revisions\/31899"}],"wp:featuredmedia":[{"embeddable":true,"href":"http:\/\/elobservatorio.com.mx\/index.php?rest_route=\/wp\/v2\/media\/31898"}],"wp:attachment":[{"href":"http:\/\/elobservatorio.com.mx\/index.php?rest_route=%2Fwp%2Fv2%2Fmedia&parent=31897"}],"wp:term":[{"taxonomy":"category","embeddable":true,"href":"http:\/\/elobservatorio.com.mx\/index.php?rest_route=%2Fwp%2Fv2%2Fcategories&post=31897"},{"taxonomy":"post_tag","embeddable":true,"href":"http:\/\/elobservatorio.com.mx\/index.php?rest_route=%2Fwp%2Fv2%2Ftags&post=31897"}],"curies":[{"name":"wp","href":"https:\/\/api.w.org\/{rel}","templated":true}]}}