{"id":31900,"date":"2025-01-17T13:10:54","date_gmt":"2025-01-17T19:10:54","guid":{"rendered":"https:\/\/elobservatorio.com.mx\/?p=31900"},"modified":"2025-01-17T13:10:54","modified_gmt":"2025-01-17T19:10:54","slug":"por-instrucciones-del-alcalde-riult-rivera-se-realizo-simulacro-de-sismo-en-las-oficinas-municipales","status":"publish","type":"post","link":"http:\/\/elobservatorio.com.mx\/?p=31900","title":{"rendered":"Por instrucciones del alcalde Riult Rivera, se realiz\u00f3 simulacro de sismo en las oficinas municipales"},"content":{"rendered":"<p><strong>*Forma parte de las actividades por la Semana Municipal de Protecci\u00f3n Civil-<\/strong><\/p>\n<p><strong>*El alcalde capitalino orden\u00f3 reforzar las acciones para proteger a la poblaci\u00f3n en caso de un siniestro.<\/strong><\/p>\n<p><strong>*Participaron todos los trabajadores y funcionarios, as\u00ed como p\u00fablico en general, que se encontraba realizando tr\u00e1mites en las oficinas p\u00fablicas del Ayuntamiento.<\/strong><\/p>\n<p>Colima, Col., 17 de enero de 2025.- Con gran \u00e9xito se desarroll\u00f3 esta ma\u00f1ana un simulacro de sismo, en los edificios de la Presidencia Municipal de Colima, organizado como parte de la Semana Municipal de Protecci\u00f3n Civil.<\/p>\n<p>Este ejercicio forma parte del plan municipal de desarrollo implementado por el Presidente Municipal de Colima, Riult Rivera Guti\u00e9rrez, quien ha girado instrucciones a las \u00e1reas correspondientes, para que se redoblen las acciones de protecci\u00f3n no solo hacia los trabajadores que prestan sus servicios en las dependencias municipales, sino hacia las personas del municipio.<\/p>\n<p>En este simulacro particip\u00f3 todo el personal de las dependencias municipales, as\u00ed como todas las personas que en ese momento se encontraban realizando diversos tr\u00e1mites, como el pago del impuesto predial, donde gran cantidad de personas se encontraban en el centro de pago instalado en el patio central de la Presidencia Municipal y que al momento de que se hizo sonar la alarma s\u00edsmica, reaccionaron de manera positiva, ubic\u00e1ndose en las \u00e1reas de seguridad previamente se\u00f1aladas por la Unidad Municipal de Protecci\u00f3n Civil.<\/p>\n<p>Al frente de este simulacro, estuvo el Secretario del Ayuntamiento, Francisco \u00c1nzar Herrera, quien siguiendo las instrucciones del Presidente Municipal de Colima, Riult Rivera Guti\u00e9rrez, estuvo supervisando que todas las personas se sumaran a esta capacitaci\u00f3n.<\/p>\n<p>En el inmueble del Palacio Municipal de Colima, el personal de todas las dependencias, abandon\u00f3 de manera ordenada las oficinas y se trasladaron a la zonas seguras, adoptando una posici\u00f3n de protecci\u00f3n como previamente han sido capacitados sobre c\u00f3mo actuar al momento en que se registre un sismo, tanto para protegerse a s\u00ed mismos, como para resguardar a las personas externas que en el momento de un movimiento tel\u00farico pudieran encontrarse en el inmueble.<\/p>\n<p>Tambi\u00e9n en este simulacro particip\u00f3 todo el personal y los servidores p\u00fablicos que laboran en el inmuebles de las Oficinas Municipales donde se encuentran el Registro Civil, Tesorer\u00eda y Catastro, quienes al momento de hacerse sonar la alarma s\u00edsmica, abandonaron sus \u00e1reas y de manera ordenada salieron a la calle Torres Quintero, que fue denominada \u00e1rea segura.<\/p>\n<p>En el simulacro particip\u00f3 el personal de la Unidad Municipal de Protecci\u00f3n Civil, que hizo un reconocimiento a los participantes, pues destacaron que por las caracter\u00edsticas del simulacro, al que se sumaron no solo los trabajadores, sino personas que estaban realizando diversas actividades, como los contribuyentes que estaban pagando su impuesto predial y el consumo de agua potable, el tiempo registrado fue muy bueno, se\u00f1alando que en el inmueble del Palacio Municipal, se registr\u00f3 un tiempo de 2 minutos 21 segundos; y en el inmueble de las oficinas p\u00fablicas (Torres Quintero 85), el tiempo registrado fue de 2 minutos 24 segundos.<\/p>\n","protected":false},"excerpt":{"rendered":"<p>*Forma parte de las actividades por la Semana Municipal de Protecci\u00f3n Civil- *El alcalde capitalino orden\u00f3 reforzar las acciones para proteger a la poblaci\u00f3n en caso de un siniestro. *Participaron todos los trabajadores y funcionarios, as\u00ed como p\u00fablico en general, que se encontraba realizando tr\u00e1mites en las oficinas p\u00fablicas del Ayuntamiento. Colima, Col., 17 de&#8230;<\/p>\n","protected":false},"author":2,"featured_media":31901,"comment_status":"closed","ping_status":"open","sticky":false,"template":"","format":"standard","meta":{"footnotes":""},"categories":[8,36],"tags":[29,30,54],"class_list":["post-31900","post","type-post","status-publish","format-standard","has-post-thumbnail","hentry","category-municipios","category-colima","tag-grid","tag-news","tag-slide"],"_links":{"self":[{"href":"http:\/\/elobservatorio.com.mx\/index.php?rest_route=\/wp\/v2\/posts\/31900"}],"collection":[{"href":"http:\/\/elobservatorio.com.mx\/index.php?rest_route=\/wp\/v2\/posts"}],"about":[{"href":"http:\/\/elobservatorio.com.mx\/index.php?rest_route=\/wp\/v2\/types\/post"}],"author":[{"embeddable":true,"href":"http:\/\/elobservatorio.com.mx\/index.php?rest_route=\/wp\/v2\/users\/2"}],"replies":[{"embeddable":true,"href":"http:\/\/elobservatorio.com.mx\/index.php?rest_route=%2Fwp%2Fv2%2Fcomments&post=31900"}],"version-history":[{"count":1,"href":"http:\/\/elobservatorio.com.mx\/index.php?rest_route=\/wp\/v2\/posts\/31900\/revisions"}],"predecessor-version":[{"id":31902,"href":"http:\/\/elobservatorio.com.mx\/index.php?rest_route=\/wp\/v2\/posts\/31900\/revisions\/31902"}],"wp:featuredmedia":[{"embeddable":true,"href":"http:\/\/elobservatorio.com.mx\/index.php?rest_route=\/wp\/v2\/media\/31901"}],"wp:attachment":[{"href":"http:\/\/elobservatorio.com.mx\/index.php?rest_route=%2Fwp%2Fv2%2Fmedia&parent=31900"}],"wp:term":[{"taxonomy":"category","embeddable":true,"href":"http:\/\/elobservatorio.com.mx\/index.php?rest_route=%2Fwp%2Fv2%2Fcategories&post=31900"},{"taxonomy":"post_tag","embeddable":true,"href":"http:\/\/elobservatorio.com.mx\/index.php?rest_route=%2Fwp%2Fv2%2Ftags&post=31900"}],"curies":[{"name":"wp","href":"https:\/\/api.w.org\/{rel}","templated":true}]}}