{"id":31903,"date":"2025-01-17T14:30:57","date_gmt":"2025-01-17T20:30:57","guid":{"rendered":"https:\/\/elobservatorio.com.mx\/?p=31903"},"modified":"2025-01-17T14:30:57","modified_gmt":"2025-01-17T20:30:57","slug":"el-presupuesto-de-egresos-del-municipio-de-colima-le-apuesta-a-impulso-del-desarrollo-en-todas-las-areas-regidor-emilio-aldorica","status":"publish","type":"post","link":"http:\/\/elobservatorio.com.mx\/?p=31903","title":{"rendered":"El presupuesto de egresos del municipio de Colima le apuesta a impulso del desarrollo en todas las \u00e1reas: Regidor Emilio Aldorica"},"content":{"rendered":"<p><strong>*El presidente Riult Rivera, busca cambiarle la cara a Colima capital y construir el Otro Colima por ti, se\u00f1ala el regidor pri\u00edsta.<\/strong><\/p>\n<p><strong>*Se fortalecer\u00e1n \u00e1reas como la recolecci\u00f3n de basura, atenci\u00f3n a parques y jardines, alumbrado, mujeres, j\u00f3venes, la cultura, las artes, el deporte, la seguridad p\u00fablica y protecci\u00f3n civil, entre otros rubros,<\/strong><\/p>\n<p>Colima, Col., 17 de enero de 2025.- El presupuesto de egresos aprobado para ejercicio fiscal 2025, propuesto por el Presidente Riult Rivera Guti\u00e9rrez, es un documento que le apuesta a impulsar el desarrollo del municipio, donde destacan significativos incrementos como en el \u00e1rea de los servicios p\u00fablicos, donde se contempla un incremento superior al 22%, lo que vendr\u00e1 a fortalecer toda el \u00e1rea de los servicios p\u00fablicos.<br \/>\nLo anterior fue se\u00f1alado por el regidor Emilio Aldorica Pulido, quien dijo que esta es un \u00e1rea muy importante a la que el presidente Riult Rivera, quiere impulsar, para cambiar la fisonom\u00eda a nuestra ciudad y a nuestras comunidades y de esa manera construir el Otro Colima, que vislumbra el alcalde Riult Rivera.<\/p>\n<p>Agreg\u00f3 que el tema de los servicios p\u00fablicos, es una demanda muy sentida de la poblaci\u00f3n, como es la recolecci\u00f3n de basura, la atenci\u00f3n a parques y jardines, en acciones de alumbrado<br \/>\nY el presidente municipal est\u00e1 empe\u00f1ado en ofrecer servicios p\u00fablicos de calidad para las y los habitantes del municipio de Colima.<\/p>\n<p>El regidor Emilio Aldorica, indic\u00f3 que el presupuesto est\u00e1 destinando un importante incremento para la seguridad p\u00fablica, donde el presidente municipal quiere fortalecer a la polic\u00eda municipal en todo lo que se refiere a la prevenci\u00f3n.<\/p>\n<p>Asimismo, este presupuesto fortalece lo relativo al \u00e1rea de salud en la zona rural, lo que demuestra cu\u00e1les son las prioridades para esta administraci\u00f3n municipal, donde el alcalde Riult Rivera est\u00e1 empe\u00f1ado en atender a todas las comunidades.<\/p>\n<p>En el presupuesto se incrementan los apoyos para la cultura, las artes y el deporte, dijo Aldorica Pulido, quien mencion\u00f3 que para apoyar el Archivo Hist\u00f3rico del Municipio. Registra un incremento considerable, lo que es algo que se debe destacar, dijo el regidor capitalino.<br \/>\nAgreg\u00f3 que al DIF municipal se le incrementaron los recursos, lo que le permitir\u00e1 brindar mejor atenci\u00f3n a los grupos vulnerables.<br \/>\nOtras \u00e1reas que tambi\u00e9n resultaron muy beneficiadas con este presupuesto, son la Unidad Municipal de Protecci\u00f3n Civil; se le est\u00e1 apostando al fortalecimiento de la seguridad p\u00fablica, a las mujeres, a los j\u00f3venes con acciones que vendr\u00e1n a fortalecer estos rubros.<\/p>\n<p>Para concluir, Emilio Aldorica dijo que hay un fortalecimiento a las percepciones de los trabajadores, que sin duda vendr\u00e1n a abonarle a la buena relaci\u00f3n y muestra que existe una correspondencia con las y los trabajadores, destac\u00f3.<\/p>\n","protected":false},"excerpt":{"rendered":"<p>*El presidente Riult Rivera, busca cambiarle la cara a Colima capital y construir el Otro Colima por ti, se\u00f1ala el regidor pri\u00edsta. *Se fortalecer\u00e1n \u00e1reas como la recolecci\u00f3n de basura, atenci\u00f3n a parques y jardines, alumbrado, mujeres, j\u00f3venes, la cultura, las artes, el deporte, la seguridad p\u00fablica y protecci\u00f3n civil, entre otros rubros, Colima, Col.,&#8230;<\/p>\n","protected":false},"author":2,"featured_media":31904,"comment_status":"closed","ping_status":"open","sticky":false,"template":"","format":"standard","meta":{"footnotes":""},"categories":[8,36],"tags":[29,30,54],"class_list":["post-31903","post","type-post","status-publish","format-standard","has-post-thumbnail","hentry","category-municipios","category-colima","tag-grid","tag-news","tag-slide"],"_links":{"self":[{"href":"http:\/\/elobservatorio.com.mx\/index.php?rest_route=\/wp\/v2\/posts\/31903"}],"collection":[{"href":"http:\/\/elobservatorio.com.mx\/index.php?rest_route=\/wp\/v2\/posts"}],"about":[{"href":"http:\/\/elobservatorio.com.mx\/index.php?rest_route=\/wp\/v2\/types\/post"}],"author":[{"embeddable":true,"href":"http:\/\/elobservatorio.com.mx\/index.php?rest_route=\/wp\/v2\/users\/2"}],"replies":[{"embeddable":true,"href":"http:\/\/elobservatorio.com.mx\/index.php?rest_route=%2Fwp%2Fv2%2Fcomments&post=31903"}],"version-history":[{"count":1,"href":"http:\/\/elobservatorio.com.mx\/index.php?rest_route=\/wp\/v2\/posts\/31903\/revisions"}],"predecessor-version":[{"id":31905,"href":"http:\/\/elobservatorio.com.mx\/index.php?rest_route=\/wp\/v2\/posts\/31903\/revisions\/31905"}],"wp:featuredmedia":[{"embeddable":true,"href":"http:\/\/elobservatorio.com.mx\/index.php?rest_route=\/wp\/v2\/media\/31904"}],"wp:attachment":[{"href":"http:\/\/elobservatorio.com.mx\/index.php?rest_route=%2Fwp%2Fv2%2Fmedia&parent=31903"}],"wp:term":[{"taxonomy":"category","embeddable":true,"href":"http:\/\/elobservatorio.com.mx\/index.php?rest_route=%2Fwp%2Fv2%2Fcategories&post=31903"},{"taxonomy":"post_tag","embeddable":true,"href":"http:\/\/elobservatorio.com.mx\/index.php?rest_route=%2Fwp%2Fv2%2Ftags&post=31903"}],"curies":[{"name":"wp","href":"https:\/\/api.w.org\/{rel}","templated":true}]}}