{"id":31911,"date":"2025-01-17T20:16:11","date_gmt":"2025-01-18T02:16:11","guid":{"rendered":"https:\/\/elobservatorio.com.mx\/?p=31911"},"modified":"2025-01-21T20:19:54","modified_gmt":"2025-01-22T02:19:54","slug":"intensifica-iee-colima-trabajos-para-las-elecciones-de-magistraturas-y-judicaturas-del-poder-judicial-del-estado","status":"publish","type":"post","link":"http:\/\/elobservatorio.com.mx\/?p=31911","title":{"rendered":"Intensifica IEE Colima trabajos para las elecciones de  magistraturas y judicaturas del Poder Judicial del Estado"},"content":{"rendered":"<p>En el marco del inicio del Proceso Electoral Local Extraordinario 2025, derivado de la publicaci\u00f3n del Decreto No. 63 de la reforma a la Constituci\u00f3n local para la elecci\u00f3n de magistraturas y judicaturas del Poder Judicial del Estado de Colima; el Instituto Electoral del Estado de Colima (IEE) ha venido realizando diferentes reuniones y trabajos de cara a la preparaci\u00f3n de las elecciones locales del domingo 01 de junio.<\/p>\n<p>Si bien desde d\u00edas atr\u00e1s el \u00f3rgano electoral local estuvo proyectando algunas actividades con motivo del anuncio de la reforma, esta semana intensific\u00f3 los trabajos de planeaci\u00f3n y organizaci\u00f3n de todo lo que implican los preparativos de las elecciones de este a\u00f1o, previo a la instalaci\u00f3n del Consejo General del IEE, sin la participaci\u00f3n de las representaciones de los partidos pol\u00edticos, que se realizar\u00e1 a m\u00e1s tardar el pr\u00f3ximo mi\u00e9rcoles 22 de enero.<\/p>\n<p>Las actividades fueron encabezadas por el Consejero Presidente Provisional del IEE, Juan Ram\u00edrez Ramos; y acompa\u00f1adas por las Consejeras y el Consejero Electoral: Rosa Carrillo, Flor Romano, Alfredo Guti\u00e9rrez, Gabriela Rivera y Roc\u00edo Rodr\u00edguez; quienes dialogaron con el personal del organismo e integrantes de los Consejos Municipales Electorales sobre diferentes temas electorales, a fin de favorecer los derechos de la ciudadan\u00eda.<\/p>\n<p>Dentro de las acciones que se intensificaron, el jueves pasado el Secretario Ejecutivo del Consejo General, \u00d3scar Espinoza, imparti\u00f3 una charla de socializaci\u00f3n sobre la reforma a la Constituci\u00f3n local para la elecci\u00f3n de las y los magistrados, juezas y jueces, en la que participaron de manera activa tanto las autoridades como las y los titulares de direcciones, coordinaciones y dem\u00e1s funcionariado electoral de oficinas centrales.<\/p>\n<p>Otra reuni\u00f3n se dio m\u00e1s tarde con quienes integran los diez Consejos Municipales Electorales. En ella se expusieron aspectos que se realizar\u00e1n por el Instituto y particularmente desde los \u00f3rganos desconcentrados, d\u00e1ndose una retroalimentaci\u00f3n de diferentes temas para el buen desarrollo de las pr\u00f3ximas elecciones en las que la ciudadan\u00eda elegir\u00e1 de manera libre, secreta y segura.<\/p>\n<p>Asimismo el viernes se llev\u00f3 a cabo otra reuni\u00f3n en oficinas centrales para analizar y establecer el Calendario de Coordinaci\u00f3n con el Instituto Nacional Electoral (INE) para las actividades del Proceso Electoral Extraordinario. El Consejero Presidente, las y el Consejero Electoral, el Secretario Ejecutivo, as\u00ed como titulares de las diferentes Direcciones edificaron el documento con acciones y periodos locales y concurrentes para enviarse a la autoridad electoral nacional.<\/p>\n","protected":false},"excerpt":{"rendered":"<p>En el marco del inicio del Proceso Electoral Local Extraordinario 2025, derivado de la publicaci\u00f3n del Decreto No. 63 de la reforma a la Constituci\u00f3n local para la elecci\u00f3n de magistraturas y judicaturas del Poder Judicial del Estado de Colima; el Instituto Electoral del Estado de Colima (IEE) ha venido realizando diferentes reuniones y trabajos&#8230;<\/p>\n","protected":false},"author":2,"featured_media":31914,"comment_status":"closed","ping_status":"open","sticky":false,"template":"","format":"standard","meta":{"footnotes":""},"categories":[10],"tags":[29,30,54],"class_list":["post-31911","post","type-post","status-publish","format-standard","has-post-thumbnail","hentry","category-politica","tag-grid","tag-news","tag-slide"],"_links":{"self":[{"href":"http:\/\/elobservatorio.com.mx\/index.php?rest_route=\/wp\/v2\/posts\/31911"}],"collection":[{"href":"http:\/\/elobservatorio.com.mx\/index.php?rest_route=\/wp\/v2\/posts"}],"about":[{"href":"http:\/\/elobservatorio.com.mx\/index.php?rest_route=\/wp\/v2\/types\/post"}],"author":[{"embeddable":true,"href":"http:\/\/elobservatorio.com.mx\/index.php?rest_route=\/wp\/v2\/users\/2"}],"replies":[{"embeddable":true,"href":"http:\/\/elobservatorio.com.mx\/index.php?rest_route=%2Fwp%2Fv2%2Fcomments&post=31911"}],"version-history":[{"count":2,"href":"http:\/\/elobservatorio.com.mx\/index.php?rest_route=\/wp\/v2\/posts\/31911\/revisions"}],"predecessor-version":[{"id":31915,"href":"http:\/\/elobservatorio.com.mx\/index.php?rest_route=\/wp\/v2\/posts\/31911\/revisions\/31915"}],"wp:featuredmedia":[{"embeddable":true,"href":"http:\/\/elobservatorio.com.mx\/index.php?rest_route=\/wp\/v2\/media\/31914"}],"wp:attachment":[{"href":"http:\/\/elobservatorio.com.mx\/index.php?rest_route=%2Fwp%2Fv2%2Fmedia&parent=31911"}],"wp:term":[{"taxonomy":"category","embeddable":true,"href":"http:\/\/elobservatorio.com.mx\/index.php?rest_route=%2Fwp%2Fv2%2Fcategories&post=31911"},{"taxonomy":"post_tag","embeddable":true,"href":"http:\/\/elobservatorio.com.mx\/index.php?rest_route=%2Fwp%2Fv2%2Ftags&post=31911"}],"curies":[{"name":"wp","href":"https:\/\/api.w.org\/{rel}","templated":true}]}}