{"id":31934,"date":"2025-01-17T20:40:03","date_gmt":"2025-01-18T02:40:03","guid":{"rendered":"https:\/\/elobservatorio.com.mx\/?p=31934"},"modified":"2025-01-21T20:42:21","modified_gmt":"2025-01-22T02:42:21","slug":"paracaidas-por-rogelio-guedea-reforma-al-poder-judicial-proceso-turbio","status":"publish","type":"post","link":"http:\/\/elobservatorio.com.mx\/?p=31934","title":{"rendered":"PARACA\u00cdDAS por Rogelio Guedea  Reforma al Poder Judicial, proceso turbio"},"content":{"rendered":"<p>Desde un inicio, la reforma al Poder Judicial de nuestro pa\u00eds fue controversial, un pleito entre el expresidente L\u00f3pez Obrador y el propio poder judicial por defender su leg\u00edtima autonom\u00eda y no acatar las intromisiones del Ejecutivo. Finalmente, la batalla la gan\u00f3 L\u00f3pez Obrador y la reforma al poder judicial (con el argumento de ser un poder corrupto) se convirti\u00f3 en realidad y ahora lo que se avecina es el proceso de renovaci\u00f3n de jueces y magistrados del pa\u00eds por votaci\u00f3n, tal como se hace en cualquier cargo de elecci\u00f3n popular. Siendo abogado, y conociendo a muchos abogados del poder judicial, donde tambi\u00e9n labor\u00e9, esta reforma al poder judicial sigue generando una infinidad de expectativas y, sobre todo, preocupaci\u00f3n, b\u00e1sicamente porque, en primer lugar, no se sabe a\u00fan nada de c\u00f3mo ser\u00e1 el proceso de selecci\u00f3n de todos los aspirantes a ocupar cargos de jueces y magistrados (incluidos los que est\u00e1n en funciones, que tendr\u00e1n que salir a competir por su cargo) y, en segundo lugar, porque siendo una votaci\u00f3n popular se corre el riesgo de que esto contravenga el principio precisamente de incorruptibilidad en la impartici\u00f3n de justicia, raz\u00f3n de ser de la misma reforma, con lo cual podr\u00eda decirse que se cre\u00f3 una reforma para acabar con la presunta corrupci\u00f3n del poder judicial a trav\u00e9s de un proceso que generar\u00e1 m\u00e1s corrupci\u00f3n todav\u00eda. Platicando con un juez y un magistrado cercanos, me dec\u00edan asombrados e incluso molestos que la falta de claridad en el proceso y la incertidumbre que esto crea, m\u00e1s aparte el tiempo en que quedar\u00e1 ac\u00e9falo el poder judicial durante la transici\u00f3n derivada de las elecciones, crear\u00e1 un caos en el poder judicial que s\u00f3lo ir\u00e1 en detrimento de la sociedad, con el inconveniente adem\u00e1s de que cada nuevo juez o magistrado llegar\u00e1 al cargo con compromisos que impactar\u00e1n en el ejercicio de sus funciones. La reforma es ileg\u00edtima y el proceso, turbio, de forma que nada bueno podemos esperar de estos resultados en lo porvenir. Ojal\u00e1 que exista una v\u00eda alterna legal para echar atr\u00e1s todo aquello que pueda recrudecer m\u00e1s esta crisis por la que atraviesa uno de los poderes clave del estado mexicano.<\/p>\n","protected":false},"excerpt":{"rendered":"<p>Desde un inicio, la reforma al Poder Judicial de nuestro pa\u00eds fue controversial, un pleito entre el expresidente L\u00f3pez Obrador y el propio poder judicial por defender su leg\u00edtima autonom\u00eda y no acatar las intromisiones del Ejecutivo. Finalmente, la batalla la gan\u00f3 L\u00f3pez Obrador y la reforma al poder judicial (con el argumento de ser&#8230;<\/p>\n","protected":false},"author":2,"featured_media":1053,"comment_status":"closed","ping_status":"open","sticky":false,"template":"","format":"standard","meta":{"footnotes":""},"categories":[11],"tags":[29,30,54],"class_list":["post-31934","post","type-post","status-publish","format-standard","has-post-thumbnail","hentry","category-opinion","tag-grid","tag-news","tag-slide"],"_links":{"self":[{"href":"http:\/\/elobservatorio.com.mx\/index.php?rest_route=\/wp\/v2\/posts\/31934"}],"collection":[{"href":"http:\/\/elobservatorio.com.mx\/index.php?rest_route=\/wp\/v2\/posts"}],"about":[{"href":"http:\/\/elobservatorio.com.mx\/index.php?rest_route=\/wp\/v2\/types\/post"}],"author":[{"embeddable":true,"href":"http:\/\/elobservatorio.com.mx\/index.php?rest_route=\/wp\/v2\/users\/2"}],"replies":[{"embeddable":true,"href":"http:\/\/elobservatorio.com.mx\/index.php?rest_route=%2Fwp%2Fv2%2Fcomments&post=31934"}],"version-history":[{"count":1,"href":"http:\/\/elobservatorio.com.mx\/index.php?rest_route=\/wp\/v2\/posts\/31934\/revisions"}],"predecessor-version":[{"id":31935,"href":"http:\/\/elobservatorio.com.mx\/index.php?rest_route=\/wp\/v2\/posts\/31934\/revisions\/31935"}],"wp:featuredmedia":[{"embeddable":true,"href":"http:\/\/elobservatorio.com.mx\/index.php?rest_route=\/wp\/v2\/media\/1053"}],"wp:attachment":[{"href":"http:\/\/elobservatorio.com.mx\/index.php?rest_route=%2Fwp%2Fv2%2Fmedia&parent=31934"}],"wp:term":[{"taxonomy":"category","embeddable":true,"href":"http:\/\/elobservatorio.com.mx\/index.php?rest_route=%2Fwp%2Fv2%2Fcategories&post=31934"},{"taxonomy":"post_tag","embeddable":true,"href":"http:\/\/elobservatorio.com.mx\/index.php?rest_route=%2Fwp%2Fv2%2Ftags&post=31934"}],"curies":[{"name":"wp","href":"https:\/\/api.w.org\/{rel}","templated":true}]}}