{"id":31936,"date":"2025-01-21T22:06:03","date_gmt":"2025-01-22T04:06:03","guid":{"rendered":"https:\/\/elobservatorio.com.mx\/?p=31936"},"modified":"2025-01-21T22:06:25","modified_gmt":"2025-01-22T04:06:25","slug":"consejo-general-del-iee-se-instala-para-el-proceso-electoral-extraordinario-del-poder-judicial-del-estado-de-colima-2025","status":"publish","type":"post","link":"http:\/\/elobservatorio.com.mx\/?p=31936","title":{"rendered":"Consejo General del IEE se instala para el Proceso Electoral Extraordinario del Poder Judicial del Estado de Colima 2025"},"content":{"rendered":"<p>Este martes 21 de enero se instal\u00f3 el Consejo General del Instituto Electoral del Estado (IEE) para el Proceso Electoral Extraordinario (PEE) del Poder Judicial del Estado de Colima 2025; e hizo la Declaratoria del inicio de la Etapa de Preparaci\u00f3n de la Elecci\u00f3n que habr\u00e1 de celebrarse el domingo primero de junio de este a\u00f1o.<\/p>\n<p>Lo anterior durante la Primera Sesi\u00f3n Extraordinaria, en la que adem\u00e1s se aprob\u00f3 el Calendario Oficial del Proceso Electoral Extraordinario con las diferentes actividades que se estar\u00e1n realizando alrededor de las elecciones de juzgadoras y juzgadores locales, as\u00ed como la Convocatoria para las y los ciudadanos interesados en acreditarse como Observadoras u Observadores Electorales para el ejercicio democr\u00e1tico que est\u00e1 en curso.<\/p>\n<p>Al hacer uso de la voz, el Consejero Presidente Provisional del IEE, Juan Ram\u00edrez Ramos, apunt\u00f3 que estamos ante un cambio de paradigma en nuestro Sistema Electoral y el ejercicio del voto de la ciudadan\u00eda. \u201cEl d\u00eda de hoy iniciamos una nueva etapa para la vida pol\u00edtica de nuestro Estado, seremos testigos de un proceso electoral \u00fanico e innovador para la democracia mexicana, por primera vez elegiremos a las y los juzgadores del Poder Judicial de la Federaci\u00f3n\u201d, derivado de las reformas constitucionales, anot\u00f3.<\/p>\n<p>\u201cLas elecciones en las que la ciudadan\u00eda ejerce sus derechos pol\u00edtico-electorales son y ser\u00e1n nuestro mayor compromiso para el fortalecimiento del sistema electoral, siguiendo siempre los lineamientos expresados por el poder constituyente permanente, con estricto apego a la Constituci\u00f3n\u201d, asegur\u00f3 al hacer un llamado a todas las personas que integran el instituto a cumplir el reto para sacar adelante el Proceso Electoral Extraordinario 2025, con la integridad, profesionalismo, eficiencia y eficacia de siempre.<\/p>\n<p>Tras destacar el trabajo que se estar\u00e1 llevando a cabo con el Instituto Nacional Electoral (INE), el Consejero Presidente Provisional desvel\u00f3 que las y los colimenses, a trav\u00e9s de su voto, podr\u00e1n elegir el primer domingo de junio de 2025, los siguientes cargos locales: 5 magistradas y 5 magistrados del Tribunal Superior de Justicia; 3 magistradas y 2 magistrados del Tribunal de Disciplina Judicial; y la totalidad de juezas y jueces de primera instancia del Poder Judicial en el Estado, que es de 31.<\/p>\n<p>Por su parte las Consejeras Electorales, Rosa Carrillo, Ana Florencia Romano, Gabriela Rivera y Roc\u00edo Rodr\u00edguez; as\u00ed como el Consejero Electoral, Alfredo Guti\u00e9rrez, coincidieron en sus discursos en asegurar que el Instituto ser\u00e1 escrupulosamente respetuoso y estricto con el cumplimiento de la Constituci\u00f3n Federal, la Constituci\u00f3n Local, as\u00ed como los acuerdos, lineamientos, reglas y leyes de<\/p>\n<p>la materia, aplicables en su caso, emitidas tanto por el Instituto Nacional Electoral como por este Organismo; salvaguardando en todo momento los principios rectores de la funci\u00f3n electoral.<\/p>\n<p>\u201cEste proceso extraordinario representa un reto may\u00fasculo, toda vez que si bien se cuenta con todo el profesionalismo, responsabilidad, colegialidad, compromiso, trabajo en equipo y transparencia en sus funciones del personal del Instituto, de Consejer\u00edas Municipales Electorales, de Secretar\u00edas Ejecutivas, as\u00ed como de las Consejer\u00edas Electorales; las actividades a realizar no son menores, pues implica un estudio in\u00e9dito, minucioso, imparcial y puntual de cada una de las etapas que este organismo electoral estar\u00e1 realizando\u201d, subrayaron.<\/p>\n<p>Tanto la Presidencia del IEE como las Consejer\u00edas Electorales invitaron a todos los actores a respetar las reglas del Proceso Electoral Extraordinario 2025 y a la ciudadan\u00eda a estar al pendiente de todos los trabajos que se estar\u00e1n realizando alrededor de las elecciones del domingo 01 de junio, as\u00ed como a informarse, conocer las propuestas de candidaturas, participar y votar.<\/p>\n","protected":false},"excerpt":{"rendered":"<p>Este martes 21 de enero se instal\u00f3 el Consejo General del Instituto Electoral del Estado (IEE) para el Proceso Electoral Extraordinario (PEE) del Poder Judicial del Estado de Colima 2025; e hizo la Declaratoria del inicio de la Etapa de Preparaci\u00f3n de la Elecci\u00f3n que habr\u00e1 de celebrarse el domingo primero de junio de este&#8230;<\/p>\n","protected":false},"author":2,"featured_media":31942,"comment_status":"closed","ping_status":"open","sticky":false,"template":"","format":"standard","meta":{"footnotes":""},"categories":[12],"tags":[29,30,28],"class_list":["post-31936","post","type-post","status-publish","format-standard","has-post-thumbnail","hentry","category-sociedad","tag-grid","tag-news","tag-slider"],"_links":{"self":[{"href":"http:\/\/elobservatorio.com.mx\/index.php?rest_route=\/wp\/v2\/posts\/31936"}],"collection":[{"href":"http:\/\/elobservatorio.com.mx\/index.php?rest_route=\/wp\/v2\/posts"}],"about":[{"href":"http:\/\/elobservatorio.com.mx\/index.php?rest_route=\/wp\/v2\/types\/post"}],"author":[{"embeddable":true,"href":"http:\/\/elobservatorio.com.mx\/index.php?rest_route=\/wp\/v2\/users\/2"}],"replies":[{"embeddable":true,"href":"http:\/\/elobservatorio.com.mx\/index.php?rest_route=%2Fwp%2Fv2%2Fcomments&post=31936"}],"version-history":[{"count":1,"href":"http:\/\/elobservatorio.com.mx\/index.php?rest_route=\/wp\/v2\/posts\/31936\/revisions"}],"predecessor-version":[{"id":31943,"href":"http:\/\/elobservatorio.com.mx\/index.php?rest_route=\/wp\/v2\/posts\/31936\/revisions\/31943"}],"wp:featuredmedia":[{"embeddable":true,"href":"http:\/\/elobservatorio.com.mx\/index.php?rest_route=\/wp\/v2\/media\/31942"}],"wp:attachment":[{"href":"http:\/\/elobservatorio.com.mx\/index.php?rest_route=%2Fwp%2Fv2%2Fmedia&parent=31936"}],"wp:term":[{"taxonomy":"category","embeddable":true,"href":"http:\/\/elobservatorio.com.mx\/index.php?rest_route=%2Fwp%2Fv2%2Fcategories&post=31936"},{"taxonomy":"post_tag","embeddable":true,"href":"http:\/\/elobservatorio.com.mx\/index.php?rest_route=%2Fwp%2Fv2%2Ftags&post=31936"}],"curies":[{"name":"wp","href":"https:\/\/api.w.org\/{rel}","templated":true}]}}