{"id":31948,"date":"2025-01-21T23:24:42","date_gmt":"2025-01-22T05:24:42","guid":{"rendered":"http:\/\/elobservatorio.com.mx\/?p=31948"},"modified":"2025-01-21T23:24:42","modified_gmt":"2025-01-22T05:24:42","slug":"se-suma-udec-al-proyecto-hidrico-estatal-para-enfrentar-retos-del-sector-hidroagricola","status":"publish","type":"post","link":"http:\/\/elobservatorio.com.mx\/?p=31948","title":{"rendered":"Se Suma UdeC al proyecto h\u00eddrico estatal para enfrentar retos del sector hidroagr\u00edcola"},"content":{"rendered":"<p><em>*\u201cNos da mucho gusto que est\u00e9n considerando a nuestra instituci\u00f3n con esta capacidad de respuesta. Afortunadamente, existe una gran voluntad de aprovechar el recurso humano, t\u00e9cnico y los laboratorios con que contamos\u201d: Christian Torres Ortiz, Rector.<\/em><\/p>\n<p>El Centro de Convenciones del Gobierno de Colima fue el escenario del foro \u201cExposici\u00f3n, an\u00e1lisis y soluciones de problemas hidroagr\u00edcolas en el campo colimense\u201d, un evento que reuni\u00f3 este martes a productores, autoridades municipales y estatales, legisladores y acad\u00e9micos para abordar la problem\u00e1tica del agua en el estado. El foro estuvo presidido por la gobernadora Indira Vizca\u00edno Silva.<\/p>\n<p>El\u00edas Antonio Lozano Ochoa, subsecretario de Desarrollo Rural, explic\u00f3 que la idea de realizar este foro se deriv\u00f3 de reuniones previas y con el fin de analizar y comentar algunos temas importantes en el tema del agua y el sector agr\u00edcola y ganadero. \u201cPor eso invitamos al ingeniero Eleazar Castro, quien nos hizo el favor de generar un diagn\u00f3stico sobre el tema del agua en el sector agropecuario\u201d.<\/p>\n<p><strong>Un problema multifac\u00e9tico: diagn\u00f3stico y desaf\u00edos<\/strong><\/p>\n<p>En su intervenci\u00f3n, el ingeniero Eleazar Castro Caro present\u00f3 un diagn\u00f3stico exhaustivo sobre la situaci\u00f3n del agua en Colima. Subray\u00f3 que los acu\u00edferos enfrentan sobreexplotaci\u00f3n y que las concesiones de uso del recurso h\u00eddrico presentan m\u00faltiples irregularidades. Destac\u00f3 tambi\u00e9n la urgencia de actualizar la Ley de Aguas del Estado de Colima -cuya \u00faltima reforma data de 2018- y de implementar programas educativos que fomenten el uso eficiente del agua.<\/p>\n<p>Castro enfatiz\u00f3 que la soluci\u00f3n requiere un esfuerzo conjunto entre el gobierno, los legisladores y los usuarios del agua. Propuso desarrollar proyectos de presas peque\u00f1as en zonas de recarga para retener escurrimientos y garantizar la sostenibilidad de los acu\u00edferos y manantiales.<\/p>\n<p><strong>El papel de la UdeC: ciencia al servicio del desarrollo h\u00eddrico<\/strong><\/p>\n<p>En entrevista el rector de la Universidad de Colima, Christian Jorge Torres Ortiz Zerme\u00f1o expres\u00f3 su entusiasmo por la oportunidad de contribuir en la resoluci\u00f3n de esta problem\u00e1tica. \u201cNos da mucho gusto que est\u00e9n considerando a nuestra instituci\u00f3n con esta capacidad de respuesta. Afortunadamente, existe una gran voluntad de aprovechar el recurso humano, t\u00e9cnico y los laboratorios con que contamos\u201d, coment\u00f3.<\/p>\n<p>La UdeC, agreg\u00f3 el rector, se sumar\u00e1 a la planificaci\u00f3n, investigaci\u00f3n y ejecuci\u00f3n de las estrategias definidas en el programa h\u00eddrico estatal, aportando especialistas en diversas \u00e1reas. La Universidad se centrar\u00e1 en aspectos clave como el suministro, uso y abasto de agua, garantizando un enfoque integral que combine conocimiento cient\u00edfico y experiencia pr\u00e1ctica.<\/p>\n<p>La gobernadora Indira Vizca\u00edno reconoci\u00f3 la relevancia de sumar a la UdeC al proyecto. Durante su discurso, Vizca\u00edno record\u00f3 los esfuerzos previos realizados con instancias federales como la Comisi\u00f3n Nacional del Agua (Conagua) para desbloquear concesiones y avanzar en la construcci\u00f3n de una nueva fuente de abastecimiento h\u00eddrico para la zona metropolitana de Colima y Villa de \u00c1lvarez.<\/p>\n<p>\u201cEl proyecto h\u00eddrico no solo ser\u00e1 agr\u00edcola; su alcance incluye el abastecimiento urbano\u201d, por lo que les pidi\u00f3 a las alcaldesas y alcaldes \u201cque est\u00e9n pendientes de las reuniones que se estar\u00e1n previendo desde la CONAGUA, desde el Gobierno del Estado y seguramente donde tambi\u00e9n participar\u00e1n instituciones como la Universidad, para ayudarnos a tener un programa que podamos plantearle a la Presidenta, y que tiene que ver con las acciones que priorizar\u00e1 su gobierno durante su sexenio y de las que no nos podemos quedar fuera\u201d.<\/p>\n<p>&nbsp;<\/p>\n","protected":false},"excerpt":{"rendered":"<p>*\u201cNos da mucho gusto que est\u00e9n considerando a nuestra instituci\u00f3n con esta capacidad de respuesta. Afortunadamente, existe una gran voluntad de aprovechar el recurso humano, t\u00e9cnico y los laboratorios con que contamos\u201d: Christian Torres Ortiz, Rector. El Centro de Convenciones del Gobierno de Colima fue el escenario del foro \u201cExposici\u00f3n, an\u00e1lisis y soluciones de problemas&#8230;<\/p>\n","protected":false},"author":2,"featured_media":31949,"comment_status":"closed","ping_status":"open","sticky":false,"template":"","format":"standard","meta":{"footnotes":""},"categories":[14],"tags":[29,30,28],"class_list":["post-31948","post","type-post","status-publish","format-standard","has-post-thumbnail","hentry","category-educacion-y-cultura","tag-grid","tag-news","tag-slider"],"_links":{"self":[{"href":"http:\/\/elobservatorio.com.mx\/index.php?rest_route=\/wp\/v2\/posts\/31948"}],"collection":[{"href":"http:\/\/elobservatorio.com.mx\/index.php?rest_route=\/wp\/v2\/posts"}],"about":[{"href":"http:\/\/elobservatorio.com.mx\/index.php?rest_route=\/wp\/v2\/types\/post"}],"author":[{"embeddable":true,"href":"http:\/\/elobservatorio.com.mx\/index.php?rest_route=\/wp\/v2\/users\/2"}],"replies":[{"embeddable":true,"href":"http:\/\/elobservatorio.com.mx\/index.php?rest_route=%2Fwp%2Fv2%2Fcomments&post=31948"}],"version-history":[{"count":1,"href":"http:\/\/elobservatorio.com.mx\/index.php?rest_route=\/wp\/v2\/posts\/31948\/revisions"}],"predecessor-version":[{"id":31950,"href":"http:\/\/elobservatorio.com.mx\/index.php?rest_route=\/wp\/v2\/posts\/31948\/revisions\/31950"}],"wp:featuredmedia":[{"embeddable":true,"href":"http:\/\/elobservatorio.com.mx\/index.php?rest_route=\/wp\/v2\/media\/31949"}],"wp:attachment":[{"href":"http:\/\/elobservatorio.com.mx\/index.php?rest_route=%2Fwp%2Fv2%2Fmedia&parent=31948"}],"wp:term":[{"taxonomy":"category","embeddable":true,"href":"http:\/\/elobservatorio.com.mx\/index.php?rest_route=%2Fwp%2Fv2%2Fcategories&post=31948"},{"taxonomy":"post_tag","embeddable":true,"href":"http:\/\/elobservatorio.com.mx\/index.php?rest_route=%2Fwp%2Fv2%2Ftags&post=31948"}],"curies":[{"name":"wp","href":"https:\/\/api.w.org\/{rel}","templated":true}]}}