{"id":31983,"date":"2025-01-24T16:27:56","date_gmt":"2025-01-24T22:27:56","guid":{"rendered":"https:\/\/elobservatorio.com.mx\/?p=31983"},"modified":"2025-01-24T16:27:56","modified_gmt":"2025-01-24T22:27:56","slug":"este-viernes-inician-las-actividades-culturales-y-artisticas-dentro-de-la-expo-raices-en-el-parque-hidalgo","status":"publish","type":"post","link":"http:\/\/elobservatorio.com.mx\/?p=31983","title":{"rendered":"Este viernes inician las actividades culturales y art\u00edsticas, dentro de la Expo Ra\u00edces, en el parque Hidalgo"},"content":{"rendered":"<p><strong>*Dentro de la cartelera de eventos se tiene contemplada la presentaci\u00f3n de Los Yonics, este s\u00e1bado; y, Los Cadetes de Linares, el domingo.<\/strong><\/p>\n<p>Una vez que el presidente municipal de Colima, inaugur\u00f3 la primera edici\u00f3n de la \u00abExpo Ra\u00edces Innovaci\u00f3n y Sustentabilidad\u00bb, en las inmediaciones del Parque Hidalgo, en esta ciudad capital, este d\u00eda viernes se habr\u00e1n de desarrollar eventos culturales y art\u00edsticos, en el foro que se ha instalado.<\/p>\n<p>En el marco de la primera edici\u00f3n de la \u00abExpo Ra\u00edces Innovaci\u00f3n y Sustentabilidad\u00bb, que organiza el Ayuntamiento de Colima, los d\u00edas viernes, s\u00e1bado y domingo en el parque Hidalgo, se tienen programadas diversas actividades para que puedan disfrutar los asistentes a los distintos pabellones que ah\u00ed se encuentran instalados.<\/p>\n<p>Para este viernes, a partir de las 18:00 horas, habr\u00e1 la presentaci\u00f3n del Mariachi Tradicional.<\/p>\n<p>Posteriormente, a las 8 de la noche se tendr\u00e1 la presentaci\u00f3n de Chuy Gazc\u00f3n y sus comprometidos.<\/p>\n<p>Este s\u00e1bado las actividades art\u00edsticas y culturales, arrancar\u00e1n a las 17:00 horas donde se tiene programada la presentaci\u00f3n del Ballet Folcl\u00f3rico \u201cCaxitlan\u201d, del Ayuntamiento de Colima.<\/p>\n<p>Ese mismo d\u00eda, pero a partir de las 20:30 horas, en el foro que se ha instalado se llevar\u00e1 a cabo la exhibici\u00f3n de trajes t\u00edpicos y tradicionales.<\/p>\n<p>A las 9 de la noche se estar\u00e1 presentando el grupo Los Yonic&#8217;s, para lo cual se est\u00e1 haciendo la invitaci\u00f3n en las diversas colonias de esta ciudad capital, para que acudan a disfrutar de una gran noche en familia.<\/p>\n<p>Este domingo, que ser\u00e1 el \u00faltimo d\u00eda de esta primera edici\u00f3n de Expo Ra\u00edces, cerrar\u00e1 con broche de oro, con la presentaci\u00f3n de Los Cadetes de linares, teni\u00e9ndose programado que inicie a las 16:00 horas.<\/p>\n<p>Se invita a todas las personas a que asistan a disfrutar de estas actividades que organiza el Ayuntamiento de Colima que preside Riult Rivera Guti\u00e9rrez, para fortalecer los lazos familiares.<\/p>\n","protected":false},"excerpt":{"rendered":"<p>*Dentro de la cartelera de eventos se tiene contemplada la presentaci\u00f3n de Los Yonics, este s\u00e1bado; y, Los Cadetes de Linares, el domingo. Una vez que el presidente municipal de Colima, inaugur\u00f3 la primera edici\u00f3n de la \u00abExpo Ra\u00edces Innovaci\u00f3n y Sustentabilidad\u00bb, en las inmediaciones del Parque Hidalgo, en esta ciudad capital, este d\u00eda viernes&#8230;<\/p>\n","protected":false},"author":2,"featured_media":31984,"comment_status":"closed","ping_status":"open","sticky":false,"template":"","format":"standard","meta":{"footnotes":""},"categories":[8,9,36,17],"tags":[29,30,28],"class_list":["post-31983","post","type-post","status-publish","format-standard","has-post-thumbnail","hentry","category-municipios","category-agro-y-salud","category-colima","category-economia-y-negocios","tag-grid","tag-news","tag-slider"],"_links":{"self":[{"href":"http:\/\/elobservatorio.com.mx\/index.php?rest_route=\/wp\/v2\/posts\/31983"}],"collection":[{"href":"http:\/\/elobservatorio.com.mx\/index.php?rest_route=\/wp\/v2\/posts"}],"about":[{"href":"http:\/\/elobservatorio.com.mx\/index.php?rest_route=\/wp\/v2\/types\/post"}],"author":[{"embeddable":true,"href":"http:\/\/elobservatorio.com.mx\/index.php?rest_route=\/wp\/v2\/users\/2"}],"replies":[{"embeddable":true,"href":"http:\/\/elobservatorio.com.mx\/index.php?rest_route=%2Fwp%2Fv2%2Fcomments&post=31983"}],"version-history":[{"count":1,"href":"http:\/\/elobservatorio.com.mx\/index.php?rest_route=\/wp\/v2\/posts\/31983\/revisions"}],"predecessor-version":[{"id":31985,"href":"http:\/\/elobservatorio.com.mx\/index.php?rest_route=\/wp\/v2\/posts\/31983\/revisions\/31985"}],"wp:featuredmedia":[{"embeddable":true,"href":"http:\/\/elobservatorio.com.mx\/index.php?rest_route=\/wp\/v2\/media\/31984"}],"wp:attachment":[{"href":"http:\/\/elobservatorio.com.mx\/index.php?rest_route=%2Fwp%2Fv2%2Fmedia&parent=31983"}],"wp:term":[{"taxonomy":"category","embeddable":true,"href":"http:\/\/elobservatorio.com.mx\/index.php?rest_route=%2Fwp%2Fv2%2Fcategories&post=31983"},{"taxonomy":"post_tag","embeddable":true,"href":"http:\/\/elobservatorio.com.mx\/index.php?rest_route=%2Fwp%2Fv2%2Ftags&post=31983"}],"curies":[{"name":"wp","href":"https:\/\/api.w.org\/{rel}","templated":true}]}}