{"id":31986,"date":"2025-01-24T17:00:18","date_gmt":"2025-01-24T23:00:18","guid":{"rendered":"https:\/\/elobservatorio.com.mx\/?p=31986"},"modified":"2025-01-24T17:00:18","modified_gmt":"2025-01-24T23:00:18","slug":"rinde-protesta-nuevo-comite-ejecutivo-estatal-de-la-fec","status":"publish","type":"post","link":"http:\/\/elobservatorio.com.mx\/?p=31986","title":{"rendered":"Rinde protesta nuevo Comit\u00e9 Ejecutivo Estatal de la FEC"},"content":{"rendered":"<p>*\u201cLa FEC es mucho m\u00e1s que una organizaci\u00f3n estudiantil; es parte del coraz\u00f3n palpitante de nuestra Universidad y la voz de las y los estudiantes\u201d: Christian Torres Ortiz, rector.<\/p>\n<p>**\u201cLa FEC es un espacio donde el derecho a la educaci\u00f3n no solo se defiende, sino que se vive, se construye y se proyecta hacia el futuro\u201d: Alejandro Novela, presidente.<\/p>\n<p>Este mi\u00e9rcoles, en el Paraninfo Universitario, el rector de la Universidad de Colima, Christian Jorge Torres Ortiz Zerme\u00f1o, tom\u00f3 protesta al nuevo Comit\u00e9 Ejecutivo Estatal de la Federaci\u00f3n de Estudiantes Colimenses (FEC), encabezado por su presidente, Jaime Alejandro Novela Casta\u00f1eda, quien liderar\u00e1 esta organizaci\u00f3n durante el periodo 2025-2029.<\/p>\n<p>A la ceremonia asistieron funcionarios universitarios, representantes de instituciones de educaci\u00f3n superior en la entidad, l\u00edderes de los sectores universitarios, expresidentes de la FEC, comit\u00e9s estudiantiles y los exrectores Fernando Moreno, Carlos Salazar, Miguel \u00c1ngel Aguayo, Ram\u00f3n Cedillo y Eduardo Hern\u00e1ndez.<\/p>\n<p>Durante su mensaje, el rector celebr\u00f3 la llegada del nuevo Comit\u00e9: \u201cHoy, al tomarles protesta, iniciamos una nueva etapa llena de retos y oportunidades. Los invito a trabajar con pasi\u00f3n, dedicaci\u00f3n, disciplina y responsabilidad, siempre poniendo en alto el nombre de su organizaci\u00f3n y de las instituciones educativas que representan, sobre todo de la Universidad de Colima\u201d.<\/p>\n<p>Destac\u00f3 la relevancia de la Federaci\u00f3n como uno de los pilares fundamentales de la Universidad: \u201cLa FEC es mucho m\u00e1s que una organizaci\u00f3n estudiantil; es parte del coraz\u00f3n palpitante de nuestra Universidad y la voz de las y los estudiantes, quienes son nuestra raz\u00f3n de ser y el motor que impulsa a la instituci\u00f3n hacia la excelencia\u201d.<\/p>\n<p>A lo largo de 70 a\u00f1os -agreg\u00f3-, \u201cha sido un basti\u00f3n de participaci\u00f3n estudiantil, donde se han forjado l\u00edderes comprometidos con el bienestar de la entidad y un puente permanente entre las autoridades universitarias y el estudiantado, permitiendo un di\u00e1logo franco y constructivo que ha enriquecido nuestra vida social y acad\u00e9mica\u201d.<\/p>\n<p>El rector agradeci\u00f3 al presidente saliente, Camilo Alejandro Garc\u00eda Morales, por su entrega y compromiso durante su gesti\u00f3n. \u201cReconozco tu dedicaci\u00f3n para defender nuestra autonom\u00eda universitaria y tu trabajo para mejorar las condiciones estudiantiles. Has sido un gran aliado en este camino, superando con \u00e9xito los desaf\u00edos que enfrentamos juntos\u201d.<\/p>\n<p>Por su parte, Camilo Garc\u00eda, en su mensaje de despedida, expres\u00f3: \u201cHace cuatro a\u00f1os, me compromet\u00ed a hacer todo lo posible para mejorar las condiciones de las y los estudiantes. Hoy puedo decir con satisfacci\u00f3n que cumplimos con nuestro deber, impulsando acciones y programas que beneficiaron a miles de j\u00f3venes\u201d. Tambi\u00e9n agradeci\u00f3 al rector por su respaldo: \u201cTrabajar hombro a hombro con usted ha sido un honor. En su gesti\u00f3n, siempre puso al frente a las y los estudiantes, marcando una diferencia positiva\u201d.<\/p>\n<p>El presidente saliente se mostr\u00f3 confiado en el futuro de la Federaci\u00f3n: \u201cEstoy seguro de que el nuevo Comit\u00e9, encabezado por Jaime Novela, continuar\u00e1 con la misma din\u00e1mica y compromiso. \u201cLes pido que cuiden, defiendan y que impulsen a la FEC para que siga siendo la organizaci\u00f3n juvenil m\u00e1s importante del estado y una de las m\u00e1s s\u00f3lidas representaciones estudiantiles\u201d.<\/p>\n<p>En su primer discurso como presidente de la FEC, Jaime Alejandro Novela Casta\u00f1eda destac\u00f3 la trascendencia hist\u00f3rica de la Federaci\u00f3n, que este a\u00f1o celebra 70 a\u00f1os. \u201cLa FEC es un espacio donde el derecho a la educaci\u00f3n no solo se defiende, sino que se vive, se construye y se proyecta hacia el futuro. Hoy asumimos el honor de continuar escribiendo esta historia con la misma pasi\u00f3n y compromiso que nos han definido durante siete d\u00e9cadas\u201d.<\/p>\n<p>Novela subray\u00f3 la responsabilidad que asumen las y los estudiantes: \u201cTenemos claro que nuestro papel es ser una fuerza activa que contribuya al desarrollo de nuestra Universidad y de la comunidad, para que la educaci\u00f3n siga siendo el eje transformador de oportunidades y desarrollo social\u201d.<\/p>\n<p>Para cumplir con este prop\u00f3sito, present\u00f3 una agenda estructurada en cinco ejes: formaci\u00f3n y desarrollo acad\u00e9mico, liderazgo e igualdad, bienestar integral, emprendimiento e innovaci\u00f3n, e impacto social y comunitario. \u201cAspiramos a que cada estudiante se sienta escuchado, representado y motivado a marcar la diferencia. Queremos consolidar programas que formen l\u00edderes \u00e9ticos y visionarios, y que la FEC trascienda como una organizaci\u00f3n que cambia vidas y construye futuros\u201d.<\/p>\n<p>Finalmente, Jaime Novela reafirm\u00f3 su compromiso de trabajar en colaboraci\u00f3n con las autoridades universitarias. \u201cEn este nuevo cap\u00edtulo sumaremos esfuerzos con usted, rector, para alcanzar los grandes objetivos que compartimos en la comunidad universitaria y seguir construyendo un futuro lleno de oportunidades para la juventud colimense\u201d.<\/p>\n","protected":false},"excerpt":{"rendered":"<p>*\u201cLa FEC es mucho m\u00e1s que una organizaci\u00f3n estudiantil; es parte del coraz\u00f3n palpitante de nuestra Universidad y la voz de las y los estudiantes\u201d: Christian Torres Ortiz, rector. **\u201cLa FEC es un espacio donde el derecho a la educaci\u00f3n no solo se defiende, sino que se vive, se construye y se proyecta hacia el&#8230;<\/p>\n","protected":false},"author":2,"featured_media":31987,"comment_status":"closed","ping_status":"open","sticky":false,"template":"","format":"standard","meta":{"footnotes":""},"categories":[14,12],"tags":[29,30,28],"class_list":["post-31986","post","type-post","status-publish","format-standard","has-post-thumbnail","hentry","category-educacion-y-cultura","category-sociedad","tag-grid","tag-news","tag-slider"],"_links":{"self":[{"href":"http:\/\/elobservatorio.com.mx\/index.php?rest_route=\/wp\/v2\/posts\/31986"}],"collection":[{"href":"http:\/\/elobservatorio.com.mx\/index.php?rest_route=\/wp\/v2\/posts"}],"about":[{"href":"http:\/\/elobservatorio.com.mx\/index.php?rest_route=\/wp\/v2\/types\/post"}],"author":[{"embeddable":true,"href":"http:\/\/elobservatorio.com.mx\/index.php?rest_route=\/wp\/v2\/users\/2"}],"replies":[{"embeddable":true,"href":"http:\/\/elobservatorio.com.mx\/index.php?rest_route=%2Fwp%2Fv2%2Fcomments&post=31986"}],"version-history":[{"count":1,"href":"http:\/\/elobservatorio.com.mx\/index.php?rest_route=\/wp\/v2\/posts\/31986\/revisions"}],"predecessor-version":[{"id":31988,"href":"http:\/\/elobservatorio.com.mx\/index.php?rest_route=\/wp\/v2\/posts\/31986\/revisions\/31988"}],"wp:featuredmedia":[{"embeddable":true,"href":"http:\/\/elobservatorio.com.mx\/index.php?rest_route=\/wp\/v2\/media\/31987"}],"wp:attachment":[{"href":"http:\/\/elobservatorio.com.mx\/index.php?rest_route=%2Fwp%2Fv2%2Fmedia&parent=31986"}],"wp:term":[{"taxonomy":"category","embeddable":true,"href":"http:\/\/elobservatorio.com.mx\/index.php?rest_route=%2Fwp%2Fv2%2Fcategories&post=31986"},{"taxonomy":"post_tag","embeddable":true,"href":"http:\/\/elobservatorio.com.mx\/index.php?rest_route=%2Fwp%2Fv2%2Ftags&post=31986"}],"curies":[{"name":"wp","href":"https:\/\/api.w.org\/{rel}","templated":true}]}}