{"id":32009,"date":"2025-01-26T09:31:41","date_gmt":"2025-01-26T15:31:41","guid":{"rendered":"https:\/\/elobservatorio.com.mx\/?p=32009"},"modified":"2025-01-26T09:31:41","modified_gmt":"2025-01-26T15:31:41","slug":"expo-raices-promueve-la-cultura-el-campo-y-la-sustentabilidad-para-el-desarrollo-local-riult-rivera","status":"publish","type":"post","link":"http:\/\/elobservatorio.com.mx\/?p=32009","title":{"rendered":"Expo Ra\u00edces promueve la cultura, el campo y la sustentabilidad para el desarrollo local: Riult Rivera"},"content":{"rendered":"<p><strong>_++ Encabeza el presidente de Colima el recorrido a caballo en la Expo Ra\u00edces Innovaci\u00f3n y Sustentabilidad._<\/strong><\/p>\n<p><strong>_++ La presentaci\u00f3n estelar de Los Cadetes de Linares, este domingo cerrar\u00e1 con broche de oro esta exitosa edici\u00f3n del evento._<\/strong><\/p>\n<p>El presidente municipal de Colima, Riult Rivera, encabez\u00f3 el recorrido a caballo organizado en el marco de la Expo Ra\u00edces Innovaci\u00f3n y Sustentabilidad, que se lleva a cabo en el Parque Hidalgo desde el pasado 24 de enero y se extender\u00e1 hasta el domingo 26 de enero.<\/p>\n<p>La caravana, integrada por amigos de a caballo, inici\u00f3 en la Glorieta en honor a Emiliano Zapata, alla por la Avenida Carlos de la Madrid Bejar, donde minutos antes se coloc\u00f3 una ofrenda floral en reconocimiento al caudillo del sur y su defensa de la Tierra. Y de igual manera, reafirmando con este acto simb\u00f3lico\u00a0 el compromiso\u00a0 que la administraci\u00f3n municipal que encabeza tiene con la cultura y la identidad de la regi\u00f3n.<\/p>\n<p>En el lugar, el presidente Riult Rivera destac\u00f3 la relevancia de reconocer el valor del campo y el arduo trabajo de quienes se dedican a la producci\u00f3n de alimentos, fundamentales para el beneficio de la poblaci\u00f3n. \u00abExpo Ra\u00edces promueve la cultura, el campo y la sustentabilidad para el desarrollo local\u00bb, expres\u00f3. Adem\u00e1s, subray\u00f3 que la Expo tiene como prop\u00f3sito fomentar el intercambio de experiencias y tecnolog\u00edas que impulsen el desarrollo del sector agropecuario y la sustentabilidad.<\/p>\n<p>Al finalizar el recorrido, el alcalde Riult Rivera convivi\u00f3 con los asistentes a la expo, mientras algunos expositores ofrec\u00edan muestras de sus productos a los visitantes. Posteriormente, los jinetes y el p\u00fablico en general se dirigieron al \u00e1rea gastron\u00f3mica para disfrutar de una deliciosa degustaci\u00f3n de birria.<\/p>\n<p>Este domingo, d\u00eda en que concluir\u00e1 la Expo Ra\u00edces Innovaci\u00f3n y Sustentabilidad, se tiene programado un d\u00eda lleno de actividades desde las 7:00 am hasta las 4:00 pm, con la presentaci\u00f3n estelar de Los Cadetes de Linares, quienes pondr\u00e1n el broche de oro a esta exitosa edici\u00f3n del evento.<\/p>\n","protected":false},"excerpt":{"rendered":"<p>_++ Encabeza el presidente de Colima el recorrido a caballo en la Expo Ra\u00edces Innovaci\u00f3n y Sustentabilidad._ _++ La presentaci\u00f3n estelar de Los Cadetes de Linares, este domingo cerrar\u00e1 con broche de oro esta exitosa edici\u00f3n del evento._ El presidente municipal de Colima, Riult Rivera, encabez\u00f3 el recorrido a caballo organizado en el marco de&#8230;<\/p>\n","protected":false},"author":2,"featured_media":32010,"comment_status":"closed","ping_status":"open","sticky":false,"template":"","format":"standard","meta":{"footnotes":""},"categories":[8,9,36],"tags":[29,30,28],"class_list":["post-32009","post","type-post","status-publish","format-standard","has-post-thumbnail","hentry","category-municipios","category-agro-y-salud","category-colima","tag-grid","tag-news","tag-slider"],"_links":{"self":[{"href":"http:\/\/elobservatorio.com.mx\/index.php?rest_route=\/wp\/v2\/posts\/32009"}],"collection":[{"href":"http:\/\/elobservatorio.com.mx\/index.php?rest_route=\/wp\/v2\/posts"}],"about":[{"href":"http:\/\/elobservatorio.com.mx\/index.php?rest_route=\/wp\/v2\/types\/post"}],"author":[{"embeddable":true,"href":"http:\/\/elobservatorio.com.mx\/index.php?rest_route=\/wp\/v2\/users\/2"}],"replies":[{"embeddable":true,"href":"http:\/\/elobservatorio.com.mx\/index.php?rest_route=%2Fwp%2Fv2%2Fcomments&post=32009"}],"version-history":[{"count":1,"href":"http:\/\/elobservatorio.com.mx\/index.php?rest_route=\/wp\/v2\/posts\/32009\/revisions"}],"predecessor-version":[{"id":32011,"href":"http:\/\/elobservatorio.com.mx\/index.php?rest_route=\/wp\/v2\/posts\/32009\/revisions\/32011"}],"wp:featuredmedia":[{"embeddable":true,"href":"http:\/\/elobservatorio.com.mx\/index.php?rest_route=\/wp\/v2\/media\/32010"}],"wp:attachment":[{"href":"http:\/\/elobservatorio.com.mx\/index.php?rest_route=%2Fwp%2Fv2%2Fmedia&parent=32009"}],"wp:term":[{"taxonomy":"category","embeddable":true,"href":"http:\/\/elobservatorio.com.mx\/index.php?rest_route=%2Fwp%2Fv2%2Fcategories&post=32009"},{"taxonomy":"post_tag","embeddable":true,"href":"http:\/\/elobservatorio.com.mx\/index.php?rest_route=%2Fwp%2Fv2%2Ftags&post=32009"}],"curies":[{"name":"wp","href":"https:\/\/api.w.org\/{rel}","templated":true}]}}