{"id":32012,"date":"2025-01-26T22:24:33","date_gmt":"2025-01-27T04:24:33","guid":{"rendered":"https:\/\/elobservatorio.com.mx\/?p=32012"},"modified":"2025-01-26T22:24:33","modified_gmt":"2025-01-27T04:24:33","slug":"queremos-seguir-disfrutando-de-colima-en-un-ambiente-de-tranquilidad-riult-rivera","status":"publish","type":"post","link":"http:\/\/elobservatorio.com.mx\/?p=32012","title":{"rendered":"Queremos seguir disfrutando de Colima, en un ambiente de tranquilidad: Riult Rivera"},"content":{"rendered":"<p><strong>*Clausura Alcalde la Expo Ra\u00edces, Innovaci\u00f3n y Sustentabilidad con gran \u00e9xito y participaci\u00f3n.<\/strong><\/p>\n<p><strong>*\u00bbEl siguiente a\u00f1o, si Dios quiere, vamos a hacerlo a\u00fan mejor\u00bb, asegur\u00f3 el presidente municipal.<\/strong><\/p>\n<p>Colima, Col., 26 de enero de 2025.- Con una explanada llena de personas y una gran participaci\u00f3n de la poblaci\u00f3n, el presidente municipal de Colima, Riult Rivera Guti\u00e9rrez, clausur\u00f3 este domingo la Expo Ra\u00edces, Innovaci\u00f3n y Sustentabilidad, que se desarroll\u00f3 del 24 al 26 de enero en el Parque Hidalgo, de esta ciudad capital.<\/p>\n<p>La expo reuni\u00f3 a m\u00e1s de 90 expositores, generando nuevas oportunidades de desarrollo para el sector agroalimentario y un impulso significativo a la econom\u00eda local.<\/p>\n<p>En la jornada de cierre, el presidente Riult Rivera destac\u00f3 que el Parque Hidalgo fue el escenario ideal para que las familias colimenses pudieran disfrutar de una oferta cultural, art\u00edstica y recreativa. \u00abLo que queremos es que sigamos disfrutando de Colima, que sigamos disfrutando de la Expo Ra\u00edces y que sigamos conviviendo. Lo m\u00e1s bonito es ver a las familias aqu\u00ed, pas\u00e1ndola bien en un ambiente de tranquilidad\u00bb, coment\u00f3 en su intervenci\u00f3n.<\/p>\n<p>El alcalde capitalino tambi\u00e9n subray\u00f3 el enfoque familiar del evento, enfatizando que \u00abes para las familias, para que vengamos a pasarla bien. Y para aquellos que perturben la paz, tolerancia cero\u00bb, refiri\u00e9ndose a la seguridad y la importancia de crear un ambiente de respeto y convivencia.<\/p>\n<p>Riult Rivera, agradeci\u00f3 a los empresarios que participaron y resalt\u00f3 el objetivo de la expo: \u201cEs muy importante ofrecer nuevas tecnolog\u00edas, procesos y productos, para que quienes deseen emprender un negocio puedan fortalecerlo, o bien, conocer alternativas para hacer m\u00e1s eficiente su actividad\u201d.<\/p>\n<p>La Expo Ra\u00edces, Innovaci\u00f3n y Sustentabilidad, que en su primera edici\u00f3n result\u00f3 todo un \u00e9xito, continuar\u00e1 siendo un espacio de crecimiento y desarrollo para Colima. \u00abEl siguiente a\u00f1o, si Dios quiere, vamos a hacerlo a\u00fan mejor\u00bb, asegur\u00f3 el presidente municipal.<\/p>\n<p>Asimismo, destac\u00f3 la reactivaci\u00f3n del Parque Hidalgo, un espacio emblem\u00e1tico para la ciudad que estuvo en el abandono durante a\u00f1os. Este es s\u00f3lo uno de los muchos esfuerzos de su gobierno para construir Otro Colima con espacios m\u00e1s seguros y limpios para la convivencia familiar. \u201cEstamos trabajando en la ciudad, pero pronto llevaremos estos eventos a las comunidades, porque queremos que todos los municipios del estado disfruten de lo que estamos construyendo\u201d, agreg\u00f3.<\/p>\n<p>El evento concluy\u00f3 con la presentaci\u00f3n de la famosa agrupaci\u00f3n norte\u00f1a internacional Los Cadetes de Linares, quienes deleitaron al p\u00fablico con sus \u00e9xitos, como El Palomito, Una P\u00e1gina M\u00e1s, Una L\u00e1grima y un Recuerdo, El Asesino, La Mesera, entre muchos m\u00e1s.<\/p>\n<p>Los Cadetes de Linares, logr\u00f3 que los cientos de asistentes cantaran y bailaran durante m\u00e1s de tres horas de show, cerrando con broche de oro una exitosa edici\u00f3n de la Expo Ra\u00edces.<\/p>\n<p>El presidente municipal tambi\u00e9n extendi\u00f3 una cordial invitaci\u00f3n a los colimenses y a los habitantes de otros estados y pa\u00edses, como Jalisco, Michoac\u00e1n, Guanajuato, Quer\u00e9taro, e incluso de Estados Unidos, para que contin\u00faen disfrutando de las actividades que el municipio prepara, siempre con el objetivo de ofrecer Otro Colima lleno de diversi\u00f3n, seguridad y crecimiento para todos.<\/p>\n","protected":false},"excerpt":{"rendered":"<p>*Clausura Alcalde la Expo Ra\u00edces, Innovaci\u00f3n y Sustentabilidad con gran \u00e9xito y participaci\u00f3n. *\u00bbEl siguiente a\u00f1o, si Dios quiere, vamos a hacerlo a\u00fan mejor\u00bb, asegur\u00f3 el presidente municipal. Colima, Col., 26 de enero de 2025.- Con una explanada llena de personas y una gran participaci\u00f3n de la poblaci\u00f3n, el presidente municipal de Colima, Riult Rivera&#8230;<\/p>\n","protected":false},"author":2,"featured_media":32013,"comment_status":"closed","ping_status":"open","sticky":false,"template":"","format":"standard","meta":{"footnotes":""},"categories":[9,36,8],"tags":[29,30,28],"class_list":["post-32012","post","type-post","status-publish","format-standard","has-post-thumbnail","hentry","category-agro-y-salud","category-colima","category-municipios","tag-grid","tag-news","tag-slider"],"_links":{"self":[{"href":"http:\/\/elobservatorio.com.mx\/index.php?rest_route=\/wp\/v2\/posts\/32012"}],"collection":[{"href":"http:\/\/elobservatorio.com.mx\/index.php?rest_route=\/wp\/v2\/posts"}],"about":[{"href":"http:\/\/elobservatorio.com.mx\/index.php?rest_route=\/wp\/v2\/types\/post"}],"author":[{"embeddable":true,"href":"http:\/\/elobservatorio.com.mx\/index.php?rest_route=\/wp\/v2\/users\/2"}],"replies":[{"embeddable":true,"href":"http:\/\/elobservatorio.com.mx\/index.php?rest_route=%2Fwp%2Fv2%2Fcomments&post=32012"}],"version-history":[{"count":1,"href":"http:\/\/elobservatorio.com.mx\/index.php?rest_route=\/wp\/v2\/posts\/32012\/revisions"}],"predecessor-version":[{"id":32014,"href":"http:\/\/elobservatorio.com.mx\/index.php?rest_route=\/wp\/v2\/posts\/32012\/revisions\/32014"}],"wp:featuredmedia":[{"embeddable":true,"href":"http:\/\/elobservatorio.com.mx\/index.php?rest_route=\/wp\/v2\/media\/32013"}],"wp:attachment":[{"href":"http:\/\/elobservatorio.com.mx\/index.php?rest_route=%2Fwp%2Fv2%2Fmedia&parent=32012"}],"wp:term":[{"taxonomy":"category","embeddable":true,"href":"http:\/\/elobservatorio.com.mx\/index.php?rest_route=%2Fwp%2Fv2%2Fcategories&post=32012"},{"taxonomy":"post_tag","embeddable":true,"href":"http:\/\/elobservatorio.com.mx\/index.php?rest_route=%2Fwp%2Fv2%2Ftags&post=32012"}],"curies":[{"name":"wp","href":"https:\/\/api.w.org\/{rel}","templated":true}]}}