{"id":32015,"date":"2025-01-27T21:25:16","date_gmt":"2025-01-28T03:25:16","guid":{"rendered":"http:\/\/elobservatorio.com.mx\/?p=32015"},"modified":"2025-01-27T21:25:16","modified_gmt":"2025-01-28T03:25:16","slug":"este-martes-sera-inaugurada-la-exposicion-grafica-revoluciones-proteccion-de-datos-personales-y-privacidad-en-la-era-digital","status":"publish","type":"post","link":"http:\/\/elobservatorio.com.mx\/?p=32015","title":{"rendered":"Este martes ser\u00e1 inaugurada la exposici\u00f3n gr\u00e1fica \u201cRevoluciones: Protecci\u00f3n de datos personales y privacidad en la era digital\u201d"},"content":{"rendered":"<p><em>*El evento se organiza en el marco del \u201cD\u00eda Internacional de la Protecci\u00f3n de Datos Personales\u201d.<\/em><\/p>\n<p><em>*Asimismo se realizar\u00e1 una charla con el caricaturista \u201cObi, en el Archivo Hist\u00f3rico del Municipio de Colima.<\/em><\/p>\n<p>Este martes 28 de enero de 2025, a partir de las 18:00 horas, en el Archivo Hist\u00f3rico del Municipio de Colima, ser\u00e1 inaugurada la exposici\u00f3n gr\u00e1fica \u201cRevoluciones: Protecci\u00f3n de datos personales y privacidad en la era digital\u201d, que se realiza en colaboraci\u00f3n con el Instituto de Transparencia, Acceso a la Informaci\u00f3n P\u00fablica y Protecci\u00f3n de Datos del Estado de Colima (INFOCOL), en el marco del \u201cD\u00eda Internacional de la Protecci\u00f3n de Datos Personales\u201d.<\/p>\n<p>Lo anterior forma parte de las actividades que viene impulsando el Presidente Municipal de Colima, Riult Rivera Guti\u00e9rrez, en materia de apoyo a las actividades de cultura y recreaci\u00f3n.<\/p>\n<p>Dicha exposici\u00f3n se compone de 40 obras reproducidas digitalmente, que nos muestran, a trav\u00e9s de cartones pol\u00edticos e ilustraciones, un panorama art\u00edstico y reflexivo acerca de la protecci\u00f3n de nuestros datos personales en esta \u00e9poca de incesantes innovaciones tecnol\u00f3gicas.<\/p>\n<p>Esta exposici\u00f3n es posible gracias a un esfuerzo editorial del Instituto Nacional de Acceso a la Informaci\u00f3n, a los distintos organismos asociados en la Rep\u00fablica Mexicana y localmente gracias a la colaboraci\u00f3n de INFOCOL.<br \/>\nPosterior a la inauguraci\u00f3n, y como parte de la celebraci\u00f3n de este significativo d\u00eda, se llevar\u00e1 a cabo la charla en corto con el caricaturista Obi.<\/p>\n<p>En esta conversaci\u00f3n el autor nos hablar\u00e1 sobre el contenido y la cr\u00f3nica, as\u00ed como la relevancia de los cartones pol\u00edticos que est\u00e1n incluidos en la obra exhibida y que tiene como principal objetivo generar conciencia sobre la privacidad en la era digital y la sobre exposici\u00f3n a las plataformas, vistas desde la evoluci\u00f3n del Derecho a la Protecci\u00f3n de los Datos Personales.<\/p>\n<p>Cabe se\u00f1alar que Obi es un caricaturista y artista gr\u00e1fico mexicano, conocido por su estilo distintivo y su enfoque cr\u00edtico sobre temas sociales, pol\u00edticos y culturales. Su trabajo a menudo combina humor y s\u00e1tira, lo que le permite abordar cuestiones complejas de una manera accesible para el p\u00fablico en general.<\/p>\n<p>Adem\u00e1s de su trabajo en prensa, Obi tambi\u00e9n ha participado en diversas exposiciones y ha colaborado con otros artistas, lo que refleja su compromiso con el arte como una herramienta de cr\u00edtica social. En sus caricaturas, se puede observar un enfoque que busca provocar la reflexi\u00f3n y el di\u00e1logo, elementos fundamentales en una sociedad democr\u00e1tica.<\/p>\n<p>En un contexto donde la libertad de expresi\u00f3n y el derecho a la cr\u00edtica son fundamentales, la labor de estos artistas se convierte en un componente vital del discurso p\u00fablico.<br \/>\nLes esperamos este martes 28 de enero, a las 18:00 horas, en la Casa del Archivo, Independencia no. 79, en el centro hist\u00f3rico de la capital colimense.<\/p>\n","protected":false},"excerpt":{"rendered":"<p>*El evento se organiza en el marco del \u201cD\u00eda Internacional de la Protecci\u00f3n de Datos Personales\u201d. *Asimismo se realizar\u00e1 una charla con el caricaturista \u201cObi, en el Archivo Hist\u00f3rico del Municipio de Colima. Este martes 28 de enero de 2025, a partir de las 18:00 horas, en el Archivo Hist\u00f3rico del Municipio de Colima, ser\u00e1&#8230;<\/p>\n","protected":false},"author":2,"featured_media":32016,"comment_status":"closed","ping_status":"open","sticky":false,"template":"","format":"standard","meta":{"footnotes":""},"categories":[8,36],"tags":[29,30,28],"class_list":["post-32015","post","type-post","status-publish","format-standard","has-post-thumbnail","hentry","category-municipios","category-colima","tag-grid","tag-news","tag-slider"],"_links":{"self":[{"href":"http:\/\/elobservatorio.com.mx\/index.php?rest_route=\/wp\/v2\/posts\/32015"}],"collection":[{"href":"http:\/\/elobservatorio.com.mx\/index.php?rest_route=\/wp\/v2\/posts"}],"about":[{"href":"http:\/\/elobservatorio.com.mx\/index.php?rest_route=\/wp\/v2\/types\/post"}],"author":[{"embeddable":true,"href":"http:\/\/elobservatorio.com.mx\/index.php?rest_route=\/wp\/v2\/users\/2"}],"replies":[{"embeddable":true,"href":"http:\/\/elobservatorio.com.mx\/index.php?rest_route=%2Fwp%2Fv2%2Fcomments&post=32015"}],"version-history":[{"count":1,"href":"http:\/\/elobservatorio.com.mx\/index.php?rest_route=\/wp\/v2\/posts\/32015\/revisions"}],"predecessor-version":[{"id":32017,"href":"http:\/\/elobservatorio.com.mx\/index.php?rest_route=\/wp\/v2\/posts\/32015\/revisions\/32017"}],"wp:featuredmedia":[{"embeddable":true,"href":"http:\/\/elobservatorio.com.mx\/index.php?rest_route=\/wp\/v2\/media\/32016"}],"wp:attachment":[{"href":"http:\/\/elobservatorio.com.mx\/index.php?rest_route=%2Fwp%2Fv2%2Fmedia&parent=32015"}],"wp:term":[{"taxonomy":"category","embeddable":true,"href":"http:\/\/elobservatorio.com.mx\/index.php?rest_route=%2Fwp%2Fv2%2Fcategories&post=32015"},{"taxonomy":"post_tag","embeddable":true,"href":"http:\/\/elobservatorio.com.mx\/index.php?rest_route=%2Fwp%2Fv2%2Ftags&post=32015"}],"curies":[{"name":"wp","href":"https:\/\/api.w.org\/{rel}","templated":true}]}}