{"id":32050,"date":"2025-01-30T18:33:21","date_gmt":"2025-01-31T00:33:21","guid":{"rendered":"https:\/\/elobservatorio.com.mx\/?p=32050"},"modified":"2025-01-30T18:33:21","modified_gmt":"2025-01-31T00:33:21","slug":"las-metas-estrategicas-2025-de-vdea-un-compromiso-de-alto-nivel-udec","status":"publish","type":"post","link":"http:\/\/elobservatorio.com.mx\/?p=32050","title":{"rendered":"Las Metas Estrat\u00e9gicas 2025 de VdeA, un compromiso de alto nivel: UdeC"},"content":{"rendered":"<p style=\"text-align: left;\"><strong>*La Universidad tiene prestigio para evaluar con exigencia, profesionalismo, \u00e9tica y transparencia: Christian Torres<\/strong><\/p>\n<p>Villa de \u00c1lvarez, Col.- Christian Torres Ortiz Zerme\u00f1o, Rector de la Universidad de Colima, consider\u00f3 de muy alto nivel el compromiso de la Presidenta de Villa de \u00c1lvarez, Tey Guti\u00e9rrez Andrade, de presentar p\u00fablicamente y firmar ante Notario P\u00fablica, las 408 Metas Estrat\u00e9gicas del A\u00f1o 2025.<\/p>\n<p>\u201cEste es un compromiso de muy alto nivel, un compromiso p\u00fablico, un compromiso de transparencia y de rendici\u00f3n de cuentas que debe destacarse\u201d, expres\u00f3 el Rector de la M\u00e1xima Casa de Estudios Colimense.<\/p>\n<p>En ese sentido, el funcionario universitario expres\u00f3 que presentar de manera p\u00fablica las Metas a realizar no es un compromiso f\u00e1cil, y tan no es f\u00e1cil que casi nadie se compromete con la sociedad que gobierna para decirle lo que har\u00e1 durante a\u00f1o.<\/p>\n<p>Con relaci\u00f3n a la evaluaci\u00f3n externa que a solicitud del gobierno de Villa de \u00c1lvarez realiza la UdeC a las Metas Estrat\u00e9gicas, Torres Ortiz Zerme\u00f1o agradeci\u00f3 la confianza en la Universidad, \u201cpues saben de nuestra seriedad y prestigio para hacer una evaluaci\u00f3n con los m\u00e1s altos niveles de exigencia, profesionalismo, \u00e9tica y transparencia\u201d.<\/p>\n<p>Aprovech\u00f3 para presentar al Comit\u00e9 Evaluador, conformado por integrantes de la Federaci\u00f3n de Egresados de la Universidad de Colima, entre quienes est\u00e1n investigadores, maestros y directivos universitarios, quienes han realizado las evaluaciones externas al cumplimiento de Metas Estrat\u00e9gicas en a\u00f1os anteriores y evaluar\u00e1n las del a\u00f1o 2025.<\/p>\n<p>El pasado mi\u00e9rcoles, la Presidenta Municipal Tey Guti\u00e9rrez Andrade present\u00f3 y firm\u00f3 ante Notario P\u00fablico las 408 Metas Estrat\u00e9gicas del Programa de Gobierno para el A\u00f1o 2025, que entre otros objetivos plantea mejorar los empedrados y asfaltos de 50 vialidades principales e iniciar los tr\u00e1mites para donar un terreno m\u00e1s de 23 mil metros cuadrados al Instituto Mexicano del Seguro Social, para la construcci\u00f3n de una Unidad de Medicina Regional.<\/p>\n","protected":false},"excerpt":{"rendered":"<p>*La Universidad tiene prestigio para evaluar con exigencia, profesionalismo, \u00e9tica y transparencia: Christian Torres Villa de \u00c1lvarez, Col.- Christian Torres Ortiz Zerme\u00f1o, Rector de la Universidad de Colima, consider\u00f3 de muy alto nivel el compromiso de la Presidenta de Villa de \u00c1lvarez, Tey Guti\u00e9rrez Andrade, de presentar p\u00fablicamente y firmar ante Notario P\u00fablica, las 408&#8230;<\/p>\n","protected":false},"author":2,"featured_media":32051,"comment_status":"closed","ping_status":"open","sticky":false,"template":"","format":"standard","meta":{"footnotes":""},"categories":[8,42],"tags":[29,30,28],"class_list":["post-32050","post","type-post","status-publish","format-standard","has-post-thumbnail","hentry","category-municipios","category-villa-de-alvarez","tag-grid","tag-news","tag-slider"],"_links":{"self":[{"href":"http:\/\/elobservatorio.com.mx\/index.php?rest_route=\/wp\/v2\/posts\/32050"}],"collection":[{"href":"http:\/\/elobservatorio.com.mx\/index.php?rest_route=\/wp\/v2\/posts"}],"about":[{"href":"http:\/\/elobservatorio.com.mx\/index.php?rest_route=\/wp\/v2\/types\/post"}],"author":[{"embeddable":true,"href":"http:\/\/elobservatorio.com.mx\/index.php?rest_route=\/wp\/v2\/users\/2"}],"replies":[{"embeddable":true,"href":"http:\/\/elobservatorio.com.mx\/index.php?rest_route=%2Fwp%2Fv2%2Fcomments&post=32050"}],"version-history":[{"count":1,"href":"http:\/\/elobservatorio.com.mx\/index.php?rest_route=\/wp\/v2\/posts\/32050\/revisions"}],"predecessor-version":[{"id":32052,"href":"http:\/\/elobservatorio.com.mx\/index.php?rest_route=\/wp\/v2\/posts\/32050\/revisions\/32052"}],"wp:featuredmedia":[{"embeddable":true,"href":"http:\/\/elobservatorio.com.mx\/index.php?rest_route=\/wp\/v2\/media\/32051"}],"wp:attachment":[{"href":"http:\/\/elobservatorio.com.mx\/index.php?rest_route=%2Fwp%2Fv2%2Fmedia&parent=32050"}],"wp:term":[{"taxonomy":"category","embeddable":true,"href":"http:\/\/elobservatorio.com.mx\/index.php?rest_route=%2Fwp%2Fv2%2Fcategories&post=32050"},{"taxonomy":"post_tag","embeddable":true,"href":"http:\/\/elobservatorio.com.mx\/index.php?rest_route=%2Fwp%2Fv2%2Ftags&post=32050"}],"curies":[{"name":"wp","href":"https:\/\/api.w.org\/{rel}","templated":true}]}}