{"id":32053,"date":"2025-01-30T19:02:35","date_gmt":"2025-01-31T01:02:35","guid":{"rendered":"https:\/\/elobservatorio.com.mx\/?p=32053"},"modified":"2025-01-30T19:02:35","modified_gmt":"2025-01-31T01:02:35","slug":"convocan-a-participar-en-cabalgata-nocturna","status":"publish","type":"post","link":"http:\/\/elobservatorio.com.mx\/?p=32053","title":{"rendered":"Convocan a participar en Cabalgata Nocturna"},"content":{"rendered":"<p style=\"text-align: left;\"><strong>*Ser\u00e1 el viernes 7 de febrero, a partir de las 8:00 de la noche<\/strong><\/p>\n<p>Villa de \u00c1lvarez, Col.- El Instituto de Festejos Charro Taurinos y Exposiciones de Villa de \u00c1lvarez (IFCEVA), emiti\u00f3 la convocatoria de la \u201cCabalgata Nocturna\u201d, la cual se realizar\u00e1 el viernes 7 de febrero a partir de las 8:00 de la noche, que partir\u00e1 del Jard\u00edn N\u00fa\u00f1ez, en el municipio de Colima.<\/p>\n<p>El Director del IFCEVA, Petronilo V\u00e1zquez Vuelvas, explic\u00f3 que en el Instituto se les proporcionar\u00e1 la solicitud de inscripci\u00f3n a los interesados, para ser llenada con todos los requisitos y tener un mejor orden. Todos los interesados en participar tienen hasta el martes 4 febrero para llevar todos los documentos.<\/p>\n<p>Mencion\u00f3 que se deber\u00e1 nombrar un responsable del contingente y presentar copia de la credencial del INE, adem\u00e1s de copia del comprobante de domicilio vigente (no mayor a 3 meses). Tambi\u00e9n se deber\u00e1 nombrar un conductor del veh\u00edculo y presentar copia de la licencia de conducir vigente, copia de la tarjeta de circulaci\u00f3n del veh\u00edculo, copia del INE y copia del comprobante de domicilio.<\/p>\n<p>Los veh\u00edculos deber\u00e1n ir decorados con elementos alusivos a los Festejos Charro Taurinos; podr\u00e1n llevar m\u00fasica, ya sea banda, sonido o norte\u00f1o. En cuanto a la vestimenta, deber\u00e1n cumplir con el atuendo tradicional para participar en las cabalgatas (camisa manga larga, sombrero colimote, pantal\u00f3n de mezclilla, botas y botines).<\/p>\n<p>Petronilo V\u00e1zquez explic\u00f3 que se estar\u00e1 firmando una carta compromiso por parte de los encargados de los contingentes, esto para mantener un orden y garantizar la armon\u00eda entre los asistentes as\u00ed como en los jinetes.<\/p>\n<p>Manifest\u00f3 que todas las solicitudes deber\u00e1n ser valoradas por un comit\u00e9 interno del IFCEVA y una vez que sean aceptadas, el responsable de cada uno deber\u00e1 asistir a la reuni\u00f3n informativa el d\u00eda jueves 6 de febrero.<\/p>\n<p>Finalmente, dijo que en caso de que los interesados no cumplan con alguno de los requisitos, se reservar\u00e1n el derecho a admitir su participaci\u00f3n en el recorrido.<\/p>\n","protected":false},"excerpt":{"rendered":"<p>*Ser\u00e1 el viernes 7 de febrero, a partir de las 8:00 de la noche Villa de \u00c1lvarez, Col.- El Instituto de Festejos Charro Taurinos y Exposiciones de Villa de \u00c1lvarez (IFCEVA), emiti\u00f3 la convocatoria de la \u201cCabalgata Nocturna\u201d, la cual se realizar\u00e1 el viernes 7 de febrero a partir de las 8:00 de la noche,&#8230;<\/p>\n","protected":false},"author":2,"featured_media":0,"comment_status":"closed","ping_status":"open","sticky":false,"template":"","format":"standard","meta":{"footnotes":""},"categories":[8,42],"tags":[29,30,28],"class_list":["post-32053","post","type-post","status-publish","format-standard","hentry","category-municipios","category-villa-de-alvarez","tag-grid","tag-news","tag-slider"],"_links":{"self":[{"href":"http:\/\/elobservatorio.com.mx\/index.php?rest_route=\/wp\/v2\/posts\/32053"}],"collection":[{"href":"http:\/\/elobservatorio.com.mx\/index.php?rest_route=\/wp\/v2\/posts"}],"about":[{"href":"http:\/\/elobservatorio.com.mx\/index.php?rest_route=\/wp\/v2\/types\/post"}],"author":[{"embeddable":true,"href":"http:\/\/elobservatorio.com.mx\/index.php?rest_route=\/wp\/v2\/users\/2"}],"replies":[{"embeddable":true,"href":"http:\/\/elobservatorio.com.mx\/index.php?rest_route=%2Fwp%2Fv2%2Fcomments&post=32053"}],"version-history":[{"count":1,"href":"http:\/\/elobservatorio.com.mx\/index.php?rest_route=\/wp\/v2\/posts\/32053\/revisions"}],"predecessor-version":[{"id":32054,"href":"http:\/\/elobservatorio.com.mx\/index.php?rest_route=\/wp\/v2\/posts\/32053\/revisions\/32054"}],"wp:attachment":[{"href":"http:\/\/elobservatorio.com.mx\/index.php?rest_route=%2Fwp%2Fv2%2Fmedia&parent=32053"}],"wp:term":[{"taxonomy":"category","embeddable":true,"href":"http:\/\/elobservatorio.com.mx\/index.php?rest_route=%2Fwp%2Fv2%2Fcategories&post=32053"},{"taxonomy":"post_tag","embeddable":true,"href":"http:\/\/elobservatorio.com.mx\/index.php?rest_route=%2Fwp%2Fv2%2Ftags&post=32053"}],"curies":[{"name":"wp","href":"https:\/\/api.w.org\/{rel}","templated":true}]}}