{"id":32055,"date":"2025-01-30T23:22:31","date_gmt":"2025-01-31T05:22:31","guid":{"rendered":"https:\/\/elobservatorio.com.mx\/?p=32055"},"modified":"2025-01-30T23:22:31","modified_gmt":"2025-01-31T05:22:31","slug":"el-presidente-riult-rivera-dio-a-conocer-que-se-aumento-a-186-el-numero-de-comites-de-participacion-ciudadana","status":"publish","type":"post","link":"http:\/\/elobservatorio.com.mx\/?p=32055","title":{"rendered":"El presidente Riult Rivera, dio a conocer que se aument\u00f3 a 186 el n\u00famero de Comit\u00e9s de Participaci\u00f3n Ciudadana"},"content":{"rendered":"<p><strong>*El edil capitalino se\u00f1al\u00f3 que los mismos quedaron divididos en cuatro zonas.<\/strong><\/p>\n<p><strong>*El 28 de febrero se expedir\u00e1 la convocatoria para elegir a quienes integrar\u00e1n estos comit\u00e9s, dijo el alcalde.<\/strong><\/p>\n<p>Colima, Col., 30 de enero de 2025.- El presidente municipal de Colima, Riult Rivera Guti\u00e9rrez, dio a conocer que se reform\u00f3 el Reglamento de los Comit\u00e9s de Participaci\u00f3n Ciudadana del Municipio de Colima, a fin de adecuarlo a la din\u00e1mica social que ha permeado en nuestro municipio y la constante movilidad con la que se desarrolla la gente en nuestra sociedad.<\/p>\n<p>El alcalde capitalino se\u00f1al\u00f3 que es importante mencionar que la \u00faltima reforma realizada a este reglamento se hizo en el a\u00f1o de 2019, lo cual evidentemente conlleva a que este reglamento tenga una desactualizaci\u00f3n de 6 a\u00f1os, mismos a\u00f1os que estar\u00eda sin atenderse la movilidad de la poblaci\u00f3n para incluirlos de manera puntual en la toma de decisiones del municipio.<\/p>\n<p>Riult Rivera destac\u00f3 que estr\u00e1s reformas tienen como finalidad reagrupar tanto geogr\u00e1ficamente como de manera tangible las zonas en las que estar\u00e1n divididos los Comit\u00e9s de Participaci\u00f3n Ciudadana.<\/p>\n<p>Lo anterior en virtud de que se atiende a la nueva realidad de movilidad social que existe en nuestro municipio, por lo cual se aument\u00f3 de 3 a 4 zonas en las que estar\u00e1n divididos los referidos comit\u00e9s y adem\u00e1s se aument\u00f3 de 172 a 186 el n\u00famero de Comit\u00e9s de Participaci\u00f3n Ciudadana.<\/p>\n<p>Rivera Guti\u00e9rrez mencion\u00f3 que tambi\u00e9n en las reformas que se hicieron, se aprob\u00f3 la inclusi\u00f3n de dos vocal\u00edas adicionales en cada comit\u00e9 una que corresponde a la vocal\u00eda \u201cde la juventud\u201d y \u201cde la mujer\u201d, para lo cual se modific\u00f3 e reglamento.<\/p>\n<p>El presidente municipal de Colima, dijo que con las reformas aprobadas, se aument\u00f3 a 186 Comit\u00e9s de Participaci\u00f3n Ciudadana en el Municipio, los cuales quedaron divididos en 4 zonas.<\/p>\n<p>Asimismo indic\u00f3 que con las reformas que se aprobaron, los Comit\u00e9s se integrar\u00e1n con un m\u00ednimo de cinco y un m\u00e1ximo de diez vecinos, teniendo la siguiente estructura:<\/p>\n<p>I. Un Presidente. II. Un Secretario; III. Un Tesorero; y, IV. Vocales de: a) Educaci\u00f3n; b) Seguridad P\u00fablica; c) Obra P\u00fablica; d) Cultura y Deporte; e) Servicios P\u00fablicos; f) Desarrollo Social; g) Salud; h) de la Juventud; y, i) de la Mujer.<\/p>\n<p>Rivera Garc\u00eda, se\u00f1al\u00f3 que en atenci\u00f3n a lo anterior, el Municipio de Colima reafirma el compromiso de implementar acciones encaminadas a mantener sus ordenamientos legales en constante actualizaci\u00f3n, con el objeto de lograr que cada uno de ellos refleje la congruencia de la normatividad con el contexto actual real de cada \u00e1mbito de aplicaci\u00f3n de los mismos.<\/p>\n<p>Con la integraci\u00f3n de 186 Comit\u00e9s de Participaci\u00f3n Ciudadana en el Municipio, cuya delimitaci\u00f3n geogr\u00e1fica de cada uno de los Comit\u00e9s se especifica en los mapas anexos al presente Reglamento, los cuales servir\u00e1n de base para orientar a la Comisi\u00f3n de Elecciones en la realizaci\u00f3n de las asambleas electivas y a los Comit\u00e9s electos en el ejercicio de la representaci\u00f3n vecinal.<\/p>\n<p>Antes de concluir el presidente municipal de la Capital del Estado, dijo que derivado de la modificaci\u00f3n que se realiz\u00f3 y con la finalidad de que el municipio tenga a bien expedir una convocatoria garantista para la elecci\u00f3n de los nuevos Comit\u00e9s de Participaci\u00f3n ciudadana, la referida convocatoria por \u00fanica ocasi\u00f3n deber\u00e1 expedirse a m\u00e1s tardar el d\u00eda 28 de febrero del presente a\u00f1o.<\/p>\n","protected":false},"excerpt":{"rendered":"<p>*El edil capitalino se\u00f1al\u00f3 que los mismos quedaron divididos en cuatro zonas. *El 28 de febrero se expedir\u00e1 la convocatoria para elegir a quienes integrar\u00e1n estos comit\u00e9s, dijo el alcalde. Colima, Col., 30 de enero de 2025.- El presidente municipal de Colima, Riult Rivera Guti\u00e9rrez, dio a conocer que se reform\u00f3 el Reglamento de los&#8230;<\/p>\n","protected":false},"author":2,"featured_media":32056,"comment_status":"closed","ping_status":"open","sticky":false,"template":"","format":"standard","meta":{"footnotes":""},"categories":[8,36],"tags":[29,30,28],"class_list":["post-32055","post","type-post","status-publish","format-standard","has-post-thumbnail","hentry","category-municipios","category-colima","tag-grid","tag-news","tag-slider"],"_links":{"self":[{"href":"http:\/\/elobservatorio.com.mx\/index.php?rest_route=\/wp\/v2\/posts\/32055"}],"collection":[{"href":"http:\/\/elobservatorio.com.mx\/index.php?rest_route=\/wp\/v2\/posts"}],"about":[{"href":"http:\/\/elobservatorio.com.mx\/index.php?rest_route=\/wp\/v2\/types\/post"}],"author":[{"embeddable":true,"href":"http:\/\/elobservatorio.com.mx\/index.php?rest_route=\/wp\/v2\/users\/2"}],"replies":[{"embeddable":true,"href":"http:\/\/elobservatorio.com.mx\/index.php?rest_route=%2Fwp%2Fv2%2Fcomments&post=32055"}],"version-history":[{"count":1,"href":"http:\/\/elobservatorio.com.mx\/index.php?rest_route=\/wp\/v2\/posts\/32055\/revisions"}],"predecessor-version":[{"id":32057,"href":"http:\/\/elobservatorio.com.mx\/index.php?rest_route=\/wp\/v2\/posts\/32055\/revisions\/32057"}],"wp:featuredmedia":[{"embeddable":true,"href":"http:\/\/elobservatorio.com.mx\/index.php?rest_route=\/wp\/v2\/media\/32056"}],"wp:attachment":[{"href":"http:\/\/elobservatorio.com.mx\/index.php?rest_route=%2Fwp%2Fv2%2Fmedia&parent=32055"}],"wp:term":[{"taxonomy":"category","embeddable":true,"href":"http:\/\/elobservatorio.com.mx\/index.php?rest_route=%2Fwp%2Fv2%2Fcategories&post=32055"},{"taxonomy":"post_tag","embeddable":true,"href":"http:\/\/elobservatorio.com.mx\/index.php?rest_route=%2Fwp%2Fv2%2Ftags&post=32055"}],"curies":[{"name":"wp","href":"https:\/\/api.w.org\/{rel}","templated":true}]}}