{"id":32061,"date":"2025-02-03T09:40:33","date_gmt":"2025-02-03T15:40:33","guid":{"rendered":"https:\/\/elobservatorio.com.mx\/?p=32061"},"modified":"2025-02-03T09:40:33","modified_gmt":"2025-02-03T15:40:33","slug":"riult-rivera-presentara-el-plan-municipal-de-desarrollo-2024-2027-ante-la-sociedad-colimense","status":"publish","type":"post","link":"http:\/\/elobservatorio.com.mx\/?p=32061","title":{"rendered":"Riult Rivera presentar\u00e1 el Plan Municipal de Desarrollo 2024-2027 ante la sociedad colimense"},"content":{"rendered":"<p><strong>*El acto se llevar\u00e1 a cabo el jueves 6 de febrero a las 18:00 horas, convocando a todos los sectores que participaron con sugerencias y propuestas, as\u00ed como a la sociedad en general.<\/strong><\/p>\n<p>El presidente municipal de Colima, Riult Rivera Guti\u00e9rrez, presentar\u00e1 el Plan Municipal de Desarrollo 2024-2027 el pr\u00f3ximo jueves 6 de febrero a las 6:00 p.m. en el Auditorio Miguel de la Madrid Hurtado, en la capital del estado.<\/p>\n<p>Este documento es el resultado de un proceso de consulta en el que participaron activamente diversos sectores de la poblaci\u00f3n a trav\u00e9s de un foro democr\u00e1tico organizado por la administraci\u00f3n municipal. En estos espacios intervinieron el sector empresarial, la sociedad civil organizada, asociaciones civiles, organizaciones educativas, colegios de profesionistas e instituciones acad\u00e9micas, como el Tecnol\u00f3gico Nacional de M\u00e9xico, campus Colima, y la Universidad de Colima, as\u00ed como la poblaci\u00f3n en general.<\/p>\n<p>Adem\u00e1s, la ciudadan\u00eda tuvo la oportunidad de participar a trav\u00e9s de plataformas digitales habilitadas por el Ayuntamiento en su sitio web, donde pudieron expresar sus inquietudes, ideas y necesidades, las cuales fueron integradas para conformar un plan que refleje las prioridades reales de la comunidad.<\/p>\n<p>El alcalde Riult Rivera subray\u00f3 la importancia de la participaci\u00f3n ciudadana en este proceso e hizo un llamado a toda la sociedad colimense para asistir a este importante evento.<\/p>\n<p>\u201cEl trabajo en equipo ha sido un pilar fundamental para la construcci\u00f3n de este plan. Queremos un Colima donde todas y todos sean escuchados y donde las soluciones nazcan del di\u00e1logo y la colaboraci\u00f3n\u201d, expres\u00f3 el presidente municipal.<\/p>\n<p>Este esfuerzo colectivo es un claro ejemplo de c\u00f3mo la unidad puede impulsar un Colima m\u00e1s justo, seguro y pr\u00f3spero. Por ello, el alcalde extendi\u00f3 una invitaci\u00f3n a todos los sectores que participaron en la consulta y a la poblaci\u00f3n en general para que asistan y sean parte de este proyecto que busca construir #OtroColima, con mejor infraestructura, mayor inclusi\u00f3n social y m\u00e1s progreso para todas y todos.<\/p>\n","protected":false},"excerpt":{"rendered":"<p>*El acto se llevar\u00e1 a cabo el jueves 6 de febrero a las 18:00 horas, convocando a todos los sectores que participaron con sugerencias y propuestas, as\u00ed como a la sociedad en general. El presidente municipal de Colima, Riult Rivera Guti\u00e9rrez, presentar\u00e1 el Plan Municipal de Desarrollo 2024-2027 el pr\u00f3ximo jueves 6 de febrero a&#8230;<\/p>\n","protected":false},"author":2,"featured_media":32062,"comment_status":"closed","ping_status":"open","sticky":false,"template":"","format":"standard","meta":{"footnotes":""},"categories":[8,36],"tags":[29,30,28],"class_list":["post-32061","post","type-post","status-publish","format-standard","has-post-thumbnail","hentry","category-municipios","category-colima","tag-grid","tag-news","tag-slider"],"_links":{"self":[{"href":"http:\/\/elobservatorio.com.mx\/index.php?rest_route=\/wp\/v2\/posts\/32061"}],"collection":[{"href":"http:\/\/elobservatorio.com.mx\/index.php?rest_route=\/wp\/v2\/posts"}],"about":[{"href":"http:\/\/elobservatorio.com.mx\/index.php?rest_route=\/wp\/v2\/types\/post"}],"author":[{"embeddable":true,"href":"http:\/\/elobservatorio.com.mx\/index.php?rest_route=\/wp\/v2\/users\/2"}],"replies":[{"embeddable":true,"href":"http:\/\/elobservatorio.com.mx\/index.php?rest_route=%2Fwp%2Fv2%2Fcomments&post=32061"}],"version-history":[{"count":1,"href":"http:\/\/elobservatorio.com.mx\/index.php?rest_route=\/wp\/v2\/posts\/32061\/revisions"}],"predecessor-version":[{"id":32063,"href":"http:\/\/elobservatorio.com.mx\/index.php?rest_route=\/wp\/v2\/posts\/32061\/revisions\/32063"}],"wp:featuredmedia":[{"embeddable":true,"href":"http:\/\/elobservatorio.com.mx\/index.php?rest_route=\/wp\/v2\/media\/32062"}],"wp:attachment":[{"href":"http:\/\/elobservatorio.com.mx\/index.php?rest_route=%2Fwp%2Fv2%2Fmedia&parent=32061"}],"wp:term":[{"taxonomy":"category","embeddable":true,"href":"http:\/\/elobservatorio.com.mx\/index.php?rest_route=%2Fwp%2Fv2%2Fcategories&post=32061"},{"taxonomy":"post_tag","embeddable":true,"href":"http:\/\/elobservatorio.com.mx\/index.php?rest_route=%2Fwp%2Fv2%2Ftags&post=32061"}],"curies":[{"name":"wp","href":"https:\/\/api.w.org\/{rel}","templated":true}]}}