{"id":32128,"date":"2025-02-19T14:35:12","date_gmt":"2025-02-19T20:35:12","guid":{"rendered":"https:\/\/elobservatorio.com.mx\/?p=32128"},"modified":"2025-02-19T14:37:04","modified_gmt":"2025-02-19T20:37:04","slug":"docentes-de-la-falcom-llevan-literatura-colimense-a-la-secundaria-de-tecoman","status":"publish","type":"post","link":"http:\/\/elobservatorio.com.mx\/?p=32128","title":{"rendered":"Docentes de la Falcom llevan literatura colimense a la secundaria de Tecom\u00e1n"},"content":{"rendered":"<p><strong>*Se trata de Alberto llanes y David \u00c1valos, quienes asistieron a la secundaria \u201cAdalberto Torres\u201d, a un caf\u00e9 literario del amor y la amistad. <\/strong><\/p>\n<p>En el marco del Caf\u00e9 Literario del Amor y la Amistad, organizado por la secundaria \u201cAdalberto Torres Gayt\u00e1n\u201d de Tecom\u00e1n, los escritores Jos\u00e9 Alberto Llanes Castillo y Omar David \u00c1valos Ch\u00e1vez fueron los invitados especiales. Esta jornada literaria fue coordinada por la directora del plantel, Isabel Mart\u00ednez P\u00e9rez.<\/p>\n<p>Durante su intervenci\u00f3n, Llanes Castillo comparti\u00f3 fragmentos de su obra Diario de testimonios minificticios pand\u00e9micos, o no, una serie de textos breves que relatan experiencias vividas durante el confinamiento por la pandemia de COVID-19. Por su parte, \u00c1valos Ch\u00e1vez ley\u00f3 minificciones de su libro Brevediario, adem\u00e1s de presentar algunas celebraciones ficticias inspiradas en conmemoraciones internacionales.<\/p>\n<p>El evento tambi\u00e9n incluy\u00f3 la participaci\u00f3n de estudiantes de la secundaria, quienes leyeron Yo voy conmigo, de la autora Raquel D\u00edaz Reguera, un relato que invita a las j\u00f3venes a valorarse y no cambiar para agradar a los dem\u00e1s. Posteriormente, la directora Isabel Mart\u00ednez comparti\u00f3 un fragmento de El p\u00e1jaro del alma, de Mijal Snunit, mientras que Llanes Castillo recit\u00f3 Los amorosos, de Jaime Sabines.<\/p>\n<p>Al finalizar, los escritores firmaron ejemplares y \u00c1valos Ch\u00e1vez don\u00f3 libros de autores colimenses, mexicanos e internacionales, entre ellos Pl\u00e9yades y Nivel de sombra, de Gloria Vergara, ambos integrantes del Cuerpo Acad\u00e9mico 49, Rescate del Patrimonio Cultural y Literario de la Facultad de Letras y Comunicaci\u00f3n de la Universidad de Colima. Tambi\u00e9n regal\u00f3 los libris: Las vacas de Dios, de Florentino Gonz\u00e1lez, y Rel\u00e1mpagos en el horizonte, de Gerardo Gonz\u00e1lez.<\/p>\n<p>Asistieron al evento Leticia S\u00e1nchez Le\u00f3n, directora de Educaci\u00f3n y Cultura del Ayuntamiento de Tecom\u00e1n, y Julio C\u00e9sar Garc\u00eda L\u00f3pez, coordinador de la Casa de Cultura de ese municipio. Durante su intervenci\u00f3n, S\u00e1nchez Le\u00f3n invit\u00f3 a los m\u00e1s de 200 estudiantes asistentes a participar en las actividades culturales organizadas por la instituci\u00f3n a su cargo.<\/p>\n<p>&nbsp;<\/p>\n<p>&nbsp;<\/p>\n<p>&nbsp;<\/p>\n<p>&nbsp;<\/p>\n<p>&nbsp;<\/p>\n<p>&nbsp;<\/p>\n","protected":false},"excerpt":{"rendered":"<p>*Se trata de Alberto llanes y David \u00c1valos, quienes asistieron a la secundaria \u201cAdalberto Torres\u201d, a un caf\u00e9 literario del amor y la amistad. En el marco del Caf\u00e9 Literario del Amor y la Amistad, organizado por la secundaria \u201cAdalberto Torres Gayt\u00e1n\u201d de Tecom\u00e1n, los escritores Jos\u00e9 Alberto Llanes Castillo y Omar David \u00c1valos Ch\u00e1vez&#8230;<\/p>\n","protected":false},"author":2,"featured_media":32118,"comment_status":"closed","ping_status":"open","sticky":false,"template":"","format":"standard","meta":{"footnotes":""},"categories":[14],"tags":[29,30,28],"class_list":["post-32128","post","type-post","status-publish","format-standard","has-post-thumbnail","hentry","category-educacion-y-cultura","tag-grid","tag-news","tag-slider"],"_links":{"self":[{"href":"http:\/\/elobservatorio.com.mx\/index.php?rest_route=\/wp\/v2\/posts\/32128"}],"collection":[{"href":"http:\/\/elobservatorio.com.mx\/index.php?rest_route=\/wp\/v2\/posts"}],"about":[{"href":"http:\/\/elobservatorio.com.mx\/index.php?rest_route=\/wp\/v2\/types\/post"}],"author":[{"embeddable":true,"href":"http:\/\/elobservatorio.com.mx\/index.php?rest_route=\/wp\/v2\/users\/2"}],"replies":[{"embeddable":true,"href":"http:\/\/elobservatorio.com.mx\/index.php?rest_route=%2Fwp%2Fv2%2Fcomments&post=32128"}],"version-history":[{"count":2,"href":"http:\/\/elobservatorio.com.mx\/index.php?rest_route=\/wp\/v2\/posts\/32128\/revisions"}],"predecessor-version":[{"id":32132,"href":"http:\/\/elobservatorio.com.mx\/index.php?rest_route=\/wp\/v2\/posts\/32128\/revisions\/32132"}],"wp:featuredmedia":[{"embeddable":true,"href":"http:\/\/elobservatorio.com.mx\/index.php?rest_route=\/wp\/v2\/media\/32118"}],"wp:attachment":[{"href":"http:\/\/elobservatorio.com.mx\/index.php?rest_route=%2Fwp%2Fv2%2Fmedia&parent=32128"}],"wp:term":[{"taxonomy":"category","embeddable":true,"href":"http:\/\/elobservatorio.com.mx\/index.php?rest_route=%2Fwp%2Fv2%2Fcategories&post=32128"},{"taxonomy":"post_tag","embeddable":true,"href":"http:\/\/elobservatorio.com.mx\/index.php?rest_route=%2Fwp%2Fv2%2Ftags&post=32128"}],"curies":[{"name":"wp","href":"https:\/\/api.w.org\/{rel}","templated":true}]}}