{"id":32146,"date":"2025-02-21T08:07:24","date_gmt":"2025-02-21T14:07:24","guid":{"rendered":"https:\/\/elobservatorio.com.mx\/?p=32146"},"modified":"2025-03-18T22:58:12","modified_gmt":"2025-03-19T04:58:12","slug":"bachilleres-donan-su-tiempo-y-articulos-de-primera-necesidad-a-casa-hogar-de-manzanillo","status":"publish","type":"post","link":"http:\/\/elobservatorio.com.mx\/?p=32146","title":{"rendered":"Bachilleres donan su tiempo y art\u00edculos de primera necesidad a casa hogar de Manzanillo"},"content":{"rendered":"<p>*Con este tipo de acciones, promovidas desde el Voluntariado, se busca generar un impacto positivo en la sociedad a trav\u00e9s de la participaci\u00f3n de la comunidad estudiantil.<\/p>\n<p>Estudiantes del Bachillerato 23 de la Universidad de Colima, acompa\u00f1ados por la licenciada Blanca Liliana D\u00edaz V\u00e1zquez, presidenta del Voluntariado Universitario, y la maestra Ana Mar\u00eda Gallardo, delegada universitaria en Manzanillo, visitaron recientemente la Casa Hogar \u201cLiborio Espinoza\u201d, ubicada en esta ciudad porte\u00f1a.<\/p>\n<p>En la actividad tambi\u00e9n participaron Alejandro Novela, presidente de la Federaci\u00f3n de Estudiantes Colimenses (FEC), y Gabriel Parra, director del plantel.<\/p>\n<p>Durante la visita, los y las estudiantes realizaron una donaci\u00f3n de art\u00edculos de primera necesidad y alimentos, adem\u00e1s de organizar un breve taller de pintura de alcanc\u00edas dirigido a los ni\u00f1os y ni\u00f1as de la casa hogar.<\/p>\n<p>Los estudiantes del Bachillerato 23 explicaron que el taller tuvo como objetivo brindar un espacio de expresi\u00f3n creativa a trav\u00e9s de la pintura, fomentando la imaginaci\u00f3n, el desarrollo art\u00edstico y el bienestar emocional de los menores.<\/p>\n<p>La licenciada Blanca Liliana D\u00edaz destac\u00f3 la importancia de este tipo de iniciativas, ya que fortalecen el esp\u00edritu de servicio en los j\u00f3venes universitarios. Por su parte, la maestra Ana Mar\u00eda Gallardo V\u00e1zquez subray\u00f3 el compromiso de la Universidad de Colima con la responsabilidad social y el apoyo a sectores vulnerables de la comunidad.<\/p>\n<p>Con este tipo de acciones, promovidas desde el Voluntariado, se busca generar un impacto positivo en la sociedad a trav\u00e9s de la participaci\u00f3n de la comunidad estudiantil.<\/p>\n<p>Finalmente, \u00d3scar Daniel Jim\u00e9nez, presidente de la sociedad de alumnos del Bachillerato 23, inform\u00f3 que los art\u00edculos donados fueron recolectados por los propios estudiantes como parte del proyecto \u201c123 Compartiendo Amor\u201d, realizado durante las celebraciones del 14 de febrero.<\/p>\n<p>&nbsp;<\/p>\n<p>&nbsp;<\/p>\n<p>&nbsp;<\/p>\n<p>&nbsp;<\/p>\n<p>&nbsp;<\/p>\n<p>&nbsp;<\/p>\n<p>&nbsp;<\/p>\n<p>&nbsp;<\/p>\n","protected":false},"excerpt":{"rendered":"<p>*Con este tipo de acciones, promovidas desde el Voluntariado, se busca generar un impacto positivo en la sociedad a trav\u00e9s de la participaci\u00f3n de la comunidad estudiantil. Estudiantes del Bachillerato 23 de la Universidad de Colima, acompa\u00f1ados por la licenciada Blanca Liliana D\u00edaz V\u00e1zquez, presidenta del Voluntariado Universitario, y la maestra Ana Mar\u00eda Gallardo, delegada&#8230;<\/p>\n","protected":false},"author":2,"featured_media":32138,"comment_status":"closed","ping_status":"open","sticky":false,"template":"","format":"standard","meta":{"footnotes":""},"categories":[14],"tags":[29,30,28],"class_list":["post-32146","post","type-post","status-publish","format-standard","has-post-thumbnail","hentry","category-educacion-y-cultura","tag-grid","tag-news","tag-slider"],"_links":{"self":[{"href":"http:\/\/elobservatorio.com.mx\/index.php?rest_route=\/wp\/v2\/posts\/32146"}],"collection":[{"href":"http:\/\/elobservatorio.com.mx\/index.php?rest_route=\/wp\/v2\/posts"}],"about":[{"href":"http:\/\/elobservatorio.com.mx\/index.php?rest_route=\/wp\/v2\/types\/post"}],"author":[{"embeddable":true,"href":"http:\/\/elobservatorio.com.mx\/index.php?rest_route=\/wp\/v2\/users\/2"}],"replies":[{"embeddable":true,"href":"http:\/\/elobservatorio.com.mx\/index.php?rest_route=%2Fwp%2Fv2%2Fcomments&post=32146"}],"version-history":[{"count":3,"href":"http:\/\/elobservatorio.com.mx\/index.php?rest_route=\/wp\/v2\/posts\/32146\/revisions"}],"predecessor-version":[{"id":32273,"href":"http:\/\/elobservatorio.com.mx\/index.php?rest_route=\/wp\/v2\/posts\/32146\/revisions\/32273"}],"wp:featuredmedia":[{"embeddable":true,"href":"http:\/\/elobservatorio.com.mx\/index.php?rest_route=\/wp\/v2\/media\/32138"}],"wp:attachment":[{"href":"http:\/\/elobservatorio.com.mx\/index.php?rest_route=%2Fwp%2Fv2%2Fmedia&parent=32146"}],"wp:term":[{"taxonomy":"category","embeddable":true,"href":"http:\/\/elobservatorio.com.mx\/index.php?rest_route=%2Fwp%2Fv2%2Fcategories&post=32146"},{"taxonomy":"post_tag","embeddable":true,"href":"http:\/\/elobservatorio.com.mx\/index.php?rest_route=%2Fwp%2Fv2%2Ftags&post=32146"}],"curies":[{"name":"wp","href":"https:\/\/api.w.org\/{rel}","templated":true}]}}