{"id":32161,"date":"2025-02-23T08:17:15","date_gmt":"2025-02-23T14:17:15","guid":{"rendered":"https:\/\/elobservatorio.com.mx\/?p=32161"},"modified":"2025-02-23T08:17:15","modified_gmt":"2025-02-23T14:17:15","slug":"la-policia-municipal-de-colima-detiene-a-un-individuo-que-pretendia-asaltar-a-la-trabajadora-de-una-gasolinera-en-el-centro-de-colima","status":"publish","type":"post","link":"http:\/\/elobservatorio.com.mx\/?p=32161","title":{"rendered":"La Polic\u00eda Municipal de Colima detiene a un individuo que pretend\u00eda asaltar a la trabajadora de una gasolinera en el centro de Colima"},"content":{"rendered":"<p>Colima, Col. \u2013 En el marco de las acciones encaminadas a garantizar la seguridad de la ciudadan\u00eda, la Polic\u00eda Municipal de Colima informa que detuvo a un hombre en una gasolinera ubicada entre Morelos y Revoluci\u00f3n, en el centro de la ciudad.<\/p>\n<p>El hecho se desencaden\u00f3 cuando el sospechoso se acerc\u00f3 a la despachadora del establecimiento exhibiendo su cadera, en la que se observaba lo que parec\u00eda ser un arma de fuego. Ante la situaci\u00f3n, la trabajadora procedi\u00f3 a forcejear con el individuo. Al percatarse de la presencia de varias personas en el lugar, el sujeto intent\u00f3 darse a la fuga, siendo interceptado y detenido por una patrulla de la Polic\u00eda Municipal.<\/p>\n<p>Durante la inspecci\u00f3n, se constat\u00f3 que el arma exhibida era de pl\u00e1stico. Asimismo, se presume que el individuo podr\u00eda estar vinculado a un asalto previo cometido en otra gasolinera, en el mismo modus operandi.<\/p>\n<p>Cabe destacar que, en d\u00edas anteriores, se firm\u00f3 un convenio de colaboraci\u00f3n entre el Ayuntamiento de Colima y la Fiscal\u00eda General del Estado. Este acuerdo fortalece la coordinaci\u00f3n interinstitucional para prevenir y atender situaciones delictivas, reafirmando el compromiso de las autoridades con la seguridad de la comunidad.<\/p>\n<p>El detenido ha sido puesto a disposici\u00f3n de la Fiscal\u00eda General del Estado para que se realicen las investigaciones correspondientes. El Ayuntamiento de Colima y la Polic\u00eda Municipal reafirman su compromiso con la seguridad y el bienestar de la comunidad, y continuar\u00e1n implementando medidas preventivas y de respuesta ante cualquier acto delictivo.<\/p>\n","protected":false},"excerpt":{"rendered":"<p>Colima, Col. \u2013 En el marco de las acciones encaminadas a garantizar la seguridad de la ciudadan\u00eda, la Polic\u00eda Municipal de Colima informa que detuvo a un hombre en una gasolinera ubicada entre Morelos y Revoluci\u00f3n, en el centro de la ciudad. El hecho se desencaden\u00f3 cuando el sospechoso se acerc\u00f3 a la despachadora del&#8230;<\/p>\n","protected":false},"author":2,"featured_media":32162,"comment_status":"closed","ping_status":"open","sticky":false,"template":"","format":"standard","meta":{"footnotes":""},"categories":[19,36,8,15],"tags":[29,30,28],"class_list":["post-32161","post","type-post","status-publish","format-standard","has-post-thumbnail","hentry","category-fotonotas","category-colima","category-municipios","category-seguridad-y-justicia","tag-grid","tag-news","tag-slider"],"_links":{"self":[{"href":"http:\/\/elobservatorio.com.mx\/index.php?rest_route=\/wp\/v2\/posts\/32161"}],"collection":[{"href":"http:\/\/elobservatorio.com.mx\/index.php?rest_route=\/wp\/v2\/posts"}],"about":[{"href":"http:\/\/elobservatorio.com.mx\/index.php?rest_route=\/wp\/v2\/types\/post"}],"author":[{"embeddable":true,"href":"http:\/\/elobservatorio.com.mx\/index.php?rest_route=\/wp\/v2\/users\/2"}],"replies":[{"embeddable":true,"href":"http:\/\/elobservatorio.com.mx\/index.php?rest_route=%2Fwp%2Fv2%2Fcomments&post=32161"}],"version-history":[{"count":1,"href":"http:\/\/elobservatorio.com.mx\/index.php?rest_route=\/wp\/v2\/posts\/32161\/revisions"}],"predecessor-version":[{"id":32163,"href":"http:\/\/elobservatorio.com.mx\/index.php?rest_route=\/wp\/v2\/posts\/32161\/revisions\/32163"}],"wp:featuredmedia":[{"embeddable":true,"href":"http:\/\/elobservatorio.com.mx\/index.php?rest_route=\/wp\/v2\/media\/32162"}],"wp:attachment":[{"href":"http:\/\/elobservatorio.com.mx\/index.php?rest_route=%2Fwp%2Fv2%2Fmedia&parent=32161"}],"wp:term":[{"taxonomy":"category","embeddable":true,"href":"http:\/\/elobservatorio.com.mx\/index.php?rest_route=%2Fwp%2Fv2%2Fcategories&post=32161"},{"taxonomy":"post_tag","embeddable":true,"href":"http:\/\/elobservatorio.com.mx\/index.php?rest_route=%2Fwp%2Fv2%2Ftags&post=32161"}],"curies":[{"name":"wp","href":"https:\/\/api.w.org\/{rel}","templated":true}]}}