{"id":32175,"date":"2025-02-25T12:50:40","date_gmt":"2025-02-25T18:50:40","guid":{"rendered":"http:\/\/elobservatorio.com.mx\/?p=32175"},"modified":"2025-02-25T12:50:40","modified_gmt":"2025-02-25T18:50:40","slug":"se-suma-udec-a-festejos-oficiales-por-el-dia-de-la-bandera","status":"publish","type":"post","link":"http:\/\/elobservatorio.com.mx\/?p=32175","title":{"rendered":"Se suma UdeC a festejos oficiales por el D\u00eda de la Bandera"},"content":{"rendered":"<p><em>*<\/em>\u201c<em>La educaci\u00f3n c\u00edvica es un tema que tenemos que fortalecer en nuestro pa\u00eds y con este tipo de expresiones y eventos es como se abona al tema\u201d: Christian Torres Ortiz, rector.<\/em><\/p>\n<p><em>\u00a0<\/em>Este lunes, la Universidad de Colima se sum\u00f3 a las actividades organizadas por el Gobierno del Estado para conmemorar el D\u00eda de la Bandera. Por la ma\u00f1ana, el rector Christian Jorge Torres Ortiz Zerme\u00f1o asisti\u00f3 como invitado a la ceremonia oficial en el Complejo Administrativo y, m\u00e1s tarde, acompa\u00f1ado por funcionarios universitarios, rindi\u00f3 guardia de honor al l\u00e1baro patrio. Este martes, adem\u00e1s, la instituci\u00f3n realizar\u00e1 su propia ceremonia en el campus central.<\/p>\n<p>Para las y los mexicanos, la bandera es un s\u00edmbolo de unidad, identidad, soberan\u00eda, libertad, justicia, paz y democracia. Sus colores y el escudo nacional representan la historia de independencia del pa\u00eds. El dise\u00f1o actual de la bandera fue adoptado por decreto en 1968.<\/p>\n<p>En entrevista, el rector refiri\u00f3 que este tipo de actos son una responsabilidad c\u00edvica, \u201cpor lo que venimos aqu\u00ed, como universitarios, a hacer guardias de honor a la bandera para fomentar los valores c\u00edvicos en la poblaci\u00f3n en lo general, particularmente entre nuestros estudiantes y trabajadores\u201d. Agreg\u00f3 que \u201cla educaci\u00f3n c\u00edvica es un tema que tenemos que fortalecer en nuestro pa\u00eds, y con este tipo de expresiones y eventos es como se abona al tema\u201d.<\/p>\n<p>En el puerto de Manzanillo, Ana Mar\u00eda Gallardo V\u00e1zquez, delegada universitaria, en representaci\u00f3n del rector Christian Torres Ortiz Zerme\u00f1o asisti\u00f3 a la ceremonia por el D\u00eda de la Bandera organizada por el Ayuntamiento de este municipio. El evento se realiz\u00f3 en el centro hist\u00f3rico y estuvo encabezado por Roc\u00edo Beltr\u00e1n, secretaria del ayuntamiento en representaci\u00f3n de Rosa Mar\u00eda Bayardo, presidenta municipal.<\/p>\n<p>Durante el acto de orgullo patrio<strong> en Manzanillo<\/strong>, la Universidad de Colima <strong>colabor<\/strong>\u00f3 con las escoltas de los bachilleratos 8, 9 y 14. Con esta participaci\u00f3n, la casa de estudios confirma su compromiso con la educaci\u00f3n c\u00edvica y el fortalecimiento de la identidad nacional entre su comunidad estudiantil.<\/p>\n<p>En las guardias <strong>montadas en Colima <\/strong>estuvieron: Joel Nino Jr., Secretario general, Francisco Coello, Secretario Privado de Rector\u00eda, Erika Ulibarri, coordinadora general Administrativa y Financiera, X\u00f3chitl Trujillo, coordinadora general de Investigaci\u00f3n, Susana Preciado, coordinadora general de Docencia; Carlos Ram\u00edrez, coordinador general de Extensi\u00f3n, Oscar Javier Solorio, coordinador general de Vinculaci\u00f3n, Jorge Mart\u00ednez, coordinador general de Comunicaci\u00f3n Social y Gerardo C\u00e1rdenas, coordinador general de Tecnolog\u00edas de Informaci\u00f3n.<\/p>\n<p>Tambi\u00e9n estuvieron los delegados Juan Diego Gayt\u00e1n (Colima), Carlos Montes (La Villa), Ana Mar\u00eda Gallardo (Manzanillo), Jes\u00fas Brizuela (Coquimatl\u00e1n) y Ana Lilia Moreno (Tecom\u00e1n), as\u00ed como Luis Enrique Zamorano, secretario general del SUTUC; Carolina Venegas, presidenta de la FEUC; Alejandro Novela, presidente de la FEC; Adriana Isabel Andrade, presidenta de la ACU y Jes\u00fas Campos, presidente de los Jubilados y Pensionados.<\/p>\n<p>&nbsp;<\/p>\n","protected":false},"excerpt":{"rendered":"<p>*\u201cLa educaci\u00f3n c\u00edvica es un tema que tenemos que fortalecer en nuestro pa\u00eds y con este tipo de expresiones y eventos es como se abona al tema\u201d: Christian Torres Ortiz, rector. \u00a0Este lunes, la Universidad de Colima se sum\u00f3 a las actividades organizadas por el Gobierno del Estado para conmemorar el D\u00eda de la Bandera&#8230;.<\/p>\n","protected":false},"author":2,"featured_media":32176,"comment_status":"closed","ping_status":"open","sticky":false,"template":"","format":"standard","meta":{"footnotes":""},"categories":[14],"tags":[29,30,28],"class_list":["post-32175","post","type-post","status-publish","format-standard","has-post-thumbnail","hentry","category-educacion-y-cultura","tag-grid","tag-news","tag-slider"],"_links":{"self":[{"href":"http:\/\/elobservatorio.com.mx\/index.php?rest_route=\/wp\/v2\/posts\/32175"}],"collection":[{"href":"http:\/\/elobservatorio.com.mx\/index.php?rest_route=\/wp\/v2\/posts"}],"about":[{"href":"http:\/\/elobservatorio.com.mx\/index.php?rest_route=\/wp\/v2\/types\/post"}],"author":[{"embeddable":true,"href":"http:\/\/elobservatorio.com.mx\/index.php?rest_route=\/wp\/v2\/users\/2"}],"replies":[{"embeddable":true,"href":"http:\/\/elobservatorio.com.mx\/index.php?rest_route=%2Fwp%2Fv2%2Fcomments&post=32175"}],"version-history":[{"count":1,"href":"http:\/\/elobservatorio.com.mx\/index.php?rest_route=\/wp\/v2\/posts\/32175\/revisions"}],"predecessor-version":[{"id":32177,"href":"http:\/\/elobservatorio.com.mx\/index.php?rest_route=\/wp\/v2\/posts\/32175\/revisions\/32177"}],"wp:featuredmedia":[{"embeddable":true,"href":"http:\/\/elobservatorio.com.mx\/index.php?rest_route=\/wp\/v2\/media\/32176"}],"wp:attachment":[{"href":"http:\/\/elobservatorio.com.mx\/index.php?rest_route=%2Fwp%2Fv2%2Fmedia&parent=32175"}],"wp:term":[{"taxonomy":"category","embeddable":true,"href":"http:\/\/elobservatorio.com.mx\/index.php?rest_route=%2Fwp%2Fv2%2Fcategories&post=32175"},{"taxonomy":"post_tag","embeddable":true,"href":"http:\/\/elobservatorio.com.mx\/index.php?rest_route=%2Fwp%2Fv2%2Ftags&post=32175"}],"curies":[{"name":"wp","href":"https:\/\/api.w.org\/{rel}","templated":true}]}}