{"id":32189,"date":"2025-02-25T14:42:49","date_gmt":"2025-02-25T20:42:49","guid":{"rendered":"http:\/\/elobservatorio.com.mx\/?p=32189"},"modified":"2025-02-25T14:42:49","modified_gmt":"2025-02-25T20:42:49","slug":"especialista-en-ingenieria-hidraulica-imparte-charla-a-estudiantes-de-la-udec","status":"publish","type":"post","link":"http:\/\/elobservatorio.com.mx\/?p=32189","title":{"rendered":"Especialista en Ingenier\u00eda Hidr\u00e1ulica imparte charla a estudiantes de la UdeC"},"content":{"rendered":"<p><em>*\u201cQueremos que nuestros estudiantes vean m\u00e1s all\u00e1 de la etapa universitaria y que incluso se enamoren, como lo han hecho muchos de los participantes en estas charlas, de su \u00e1rea de especializaci\u00f3n\u201d: Susana Preciado.<\/em><\/p>\n<p>En el marco del 40 aniversario de la Coordinaci\u00f3n General de Docencia de la Universidad de Colima, se llev\u00f3 a cabo la charla virtual: \u201cUna mirada a la Ingenier\u00eda Civil a trav\u00e9s de la Hidr\u00e1ulica\u201d, impartida por el ingeniero Alfredo Ranulfo Oc\u00f3n Guti\u00e9rrez. El experto en Ingenier\u00eda Hidr\u00e1ulica comparti\u00f3 su experiencia como estudiante y profesional con alumnos de bachillerato y de las facultades de Ingenier\u00eda Civil y Ciencias Marinas.<\/p>\n<p>Alfredo Oc\u00f3n es ingeniero civil egresado de la Universidad de Colima y maestro en Ingenier\u00eda Hidr\u00e1ulica por la Universidad Nacional Aut\u00f3noma de M\u00e9xico (UNAM). Ha sido profesor en la Facultad de Ingenier\u00eda Civil de la Universidad de Colima y ha ocupado diversos cargos en instituciones como el Instituto Mexicano de Tecnolog\u00eda del Agua, donde trabaj\u00f3 en la Coordinaci\u00f3n de Tecnolog\u00eda Hidrol\u00f3gica y en la Coordinaci\u00f3n de Tratamiento y Calidad del Agua. Adem\u00e1s, ha sido docente de posgrado en la Facultad de Ingenier\u00eda de la UNAM y ha desempe\u00f1ado funciones en distintas dependencias gubernamentales.<\/p>\n<p>Susana Aurelia Preciado Jim\u00e9nez, coordinadora general de Docencia, destac\u00f3 que uno de los prop\u00f3sitos de celebrar este 40 aniversario es fomentar el di\u00e1logo con egresados que se han dedicado a la divulgaci\u00f3n y a la pr\u00e1ctica profesional de su disciplina. \u201cQueremos que nuestros estudiantes vean m\u00e1s all\u00e1 de la etapa universitaria y que incluso se enamoren, como lo han hecho muchos de los participantes en estas charlas, de su \u00e1rea de especializaci\u00f3n\u201d, expres\u00f3.<\/p>\n<p><strong>Importancia de la Ingenier\u00eda Civil y la Hidr\u00e1ulica<\/strong><\/p>\n<p>Durante su ponencia, Alfredo Oc\u00f3n explic\u00f3 que la Ingenier\u00eda Civil abarca la planificaci\u00f3n, dise\u00f1o, construcci\u00f3n, operaci\u00f3n y mantenimiento de diversas infraestructuras, con el objetivo de mejorar la calidad de vida de las personas. Destac\u00f3 que cualquier proyecto de infraestructura debe ser viable desde el punto de vista social, ambiental, t\u00e9cnico y econ\u00f3mico, pues de lo contrario, carecer\u00eda de sustentabilidad.<\/p>\n<p>Asimismo, mencion\u00f3 que esta disciplina se divide en distintas ramas, entre ellas: Ingenier\u00eda Geot\u00e9cnica y Geot\u00e9cnica S\u00edsmica, Ingenier\u00eda de Materiales, Ingenier\u00eda de Transporte (puertos, aeropuertos, ferrocarriles, carreteras), Ingenier\u00eda Sanitaria, Ingenier\u00eda Mar\u00edtima e Ingenier\u00eda Hidr\u00e1ulica.<\/p>\n<p>En particular, explic\u00f3 que la Ingenier\u00eda Hidr\u00e1ulica se encarga de dise\u00f1ar y construir obras relacionadas con el agua, como canales de riego, sistemas de abastecimiento de agua potable, infraestructura para el control de inundaciones, saneamiento y almacenamiento.<\/p>\n<p>Oc\u00f3n subray\u00f3 que los ingenieros hidr\u00e1ulicos pueden desempe\u00f1arse en la docencia, la investigaci\u00f3n, el sector p\u00fablico (a nivel federal, estatal o municipal), la iniciativa privada o incluso emprender su propio negocio.<\/p>\n<p>Para finalizar, dirigi\u00f3 un mensaje a los estudiantes interesados en esta profesi\u00f3n: \u201cCada quien debe tomar su propia decisi\u00f3n y descubrir su vocaci\u00f3n. Si quieren ser ingenieros civiles, deben tener capacidad de abstracci\u00f3n y gusto por las matem\u00e1ticas y la f\u00edsica; de lo contrario, quiz\u00e1s no est\u00e9n orientados a la ingenier\u00eda\u201d.<\/p>\n<p>Como an\u00e9cdota personal, comparti\u00f3 lo que lo motiv\u00f3 a seguir esta carrera: \u201cYo decid\u00ed ser ingeniero civil porque, en alg\u00fan momento de mi vida, tuve que trabajar como pe\u00f3n. Me di cuenta de lo pesado y agotador que era, y pens\u00e9: \u2018No, esto no es para m\u00ed, yo necesito ser el ingeniero que llega, da \u00f3rdenes y se va\u2019. Esa fue mi motivaci\u00f3n, pero cada quien tiene la suya\u201d.<\/p>\n<p>&nbsp;<\/p>\n<p>&nbsp;<\/p>\n<p>&nbsp;<\/p>\n","protected":false},"excerpt":{"rendered":"<p>*\u201cQueremos que nuestros estudiantes vean m\u00e1s all\u00e1 de la etapa universitaria y que incluso se enamoren, como lo han hecho muchos de los participantes en estas charlas, de su \u00e1rea de especializaci\u00f3n\u201d: Susana Preciado. En el marco del 40 aniversario de la Coordinaci\u00f3n General de Docencia de la Universidad de Colima, se llev\u00f3 a cabo&#8230;<\/p>\n","protected":false},"author":2,"featured_media":32190,"comment_status":"closed","ping_status":"open","sticky":false,"template":"","format":"standard","meta":{"footnotes":""},"categories":[14],"tags":[29,30,28],"class_list":["post-32189","post","type-post","status-publish","format-standard","has-post-thumbnail","hentry","category-educacion-y-cultura","tag-grid","tag-news","tag-slider"],"_links":{"self":[{"href":"http:\/\/elobservatorio.com.mx\/index.php?rest_route=\/wp\/v2\/posts\/32189"}],"collection":[{"href":"http:\/\/elobservatorio.com.mx\/index.php?rest_route=\/wp\/v2\/posts"}],"about":[{"href":"http:\/\/elobservatorio.com.mx\/index.php?rest_route=\/wp\/v2\/types\/post"}],"author":[{"embeddable":true,"href":"http:\/\/elobservatorio.com.mx\/index.php?rest_route=\/wp\/v2\/users\/2"}],"replies":[{"embeddable":true,"href":"http:\/\/elobservatorio.com.mx\/index.php?rest_route=%2Fwp%2Fv2%2Fcomments&post=32189"}],"version-history":[{"count":1,"href":"http:\/\/elobservatorio.com.mx\/index.php?rest_route=\/wp\/v2\/posts\/32189\/revisions"}],"predecessor-version":[{"id":32191,"href":"http:\/\/elobservatorio.com.mx\/index.php?rest_route=\/wp\/v2\/posts\/32189\/revisions\/32191"}],"wp:featuredmedia":[{"embeddable":true,"href":"http:\/\/elobservatorio.com.mx\/index.php?rest_route=\/wp\/v2\/media\/32190"}],"wp:attachment":[{"href":"http:\/\/elobservatorio.com.mx\/index.php?rest_route=%2Fwp%2Fv2%2Fmedia&parent=32189"}],"wp:term":[{"taxonomy":"category","embeddable":true,"href":"http:\/\/elobservatorio.com.mx\/index.php?rest_route=%2Fwp%2Fv2%2Fcategories&post=32189"},{"taxonomy":"post_tag","embeddable":true,"href":"http:\/\/elobservatorio.com.mx\/index.php?rest_route=%2Fwp%2Fv2%2Ftags&post=32189"}],"curies":[{"name":"wp","href":"https:\/\/api.w.org\/{rel}","templated":true}]}}