{"id":32192,"date":"2025-02-25T15:05:51","date_gmt":"2025-02-25T21:05:51","guid":{"rendered":"http:\/\/elobservatorio.com.mx\/?p=32192"},"modified":"2025-02-25T15:05:51","modified_gmt":"2025-02-25T21:05:51","slug":"trabajaran-de-manera-coordinada-los-regidores-del-pan-de-tecoman-y-armeria","status":"publish","type":"post","link":"http:\/\/elobservatorio.com.mx\/?p=32192","title":{"rendered":"Trabajar\u00e1n de manera coordinada los regidores del PAN de Tecom\u00e1n y Armer\u00eda"},"content":{"rendered":"<p>Luis Alberto Gama Esp\u00edndola, regidor en el ayuntamiento de Armer\u00eda, acompa\u00f1ado de la coordinadora de regidores del PAN en Tecom\u00e1n, Ang\u00e9lica Cervantes, el agro-productor Mario Vargas y respaldados por la secretaria general de Promoci\u00f3n Politica de la Mujer (PPM) en el PAN estatal Adriana Jimenez, ofrecieron est\u00e1 ma\u00f1ana una rueda de prensa para dar a conocer diversos temas entre los que destaca la coordinaci\u00f3n entre regidores de los municipios de Tecom\u00e1n y Armer\u00eda para trabajar en conjunto.<\/p>\n<p>Luis Gama coment\u00f3 que los trabajos iniciar\u00e1n enfocados en la problem\u00e1tica h\u00eddrica y el\u00a0desarrollo agr\u00edcola\u00a0de la regi\u00f3n, destacando la necesidad de atender la problem\u00e1tica del\u00a0r\u00edo Armer\u00eda, el cual divide a ambos municipios y que desde hace tiempo presenta un desabasto de agua, ocasionando un problema cr\u00edtico que afecta no solo a la poblaci\u00f3n, sino a cientos de productores agr\u00edcolas de los ejidos cercanos.<\/p>\n<p>Agreg\u00f3 que en su mayor\u00eda, estos campos no cuentan con las herramientas o tecnificaci\u00f3n de riego necesaria, por lo cual limita a\u00fan m\u00e1s su desarrollo.<\/p>\n<p>Gama Esp\u00edndola se\u00f1al\u00f3 que otro de los problemas que van a atender ser\u00e1 la extracci\u00f3n de\u00a0materiales p\u00e9treos\u00a0del mismo r\u00edo, el cual ha generado en ocasiones anteriores conflictos y molestias entre los mismos productores, comprometi\u00e9ndose como regidores a trabajar en una soluci\u00f3n.<\/p>\n<p>El regidor armeritense mencion\u00f3 que el objetivo de esta colaboraci\u00f3n entre ambos municipios, ser\u00e1 el fortalecer la representatividad pol\u00edtica y gestionar los recursos y herramientas necesarias para dar continuidad a proyectos que detonen el desarrollo municipal, respaldando a\u00fan m\u00e1s al sector agr\u00edcola que ha sido golpeado significativamente durante los \u00faltimos 6 a\u00f1os, as\u00ed como impulsar iniciativas que sean atendidas a nivel local, estatal y nacional siempre pensando en beneficio de la sociedad colimense.<\/p>\n<p>Dijo que, se planea incorporar a estos trabajos a regidores panistas de los municipios de Manzanillo y Minatitl\u00e1n para fortalecer las alianzas intermunicipales y trabajar en proyectos pol\u00edticos a largo plazo con el electorado.<\/p>\n<p>Por \u00faltimo, Adriana Jimenez, reconoci\u00f3 el inter\u00e9s de los regidores de trabajar de manera coordinada, la cu\u00e1l es respaldada por la presidenta del partido en el Estado Julia Jim\u00e9nez, reiterando el compromiso de llevar un seguimiento en cada trabajo que se realice y se tengan resultados positivos para la poblacion.<\/p>\n","protected":false},"excerpt":{"rendered":"<p>Luis Alberto Gama Esp\u00edndola, regidor en el ayuntamiento de Armer\u00eda, acompa\u00f1ado de la coordinadora de regidores del PAN en Tecom\u00e1n, Ang\u00e9lica Cervantes, el agro-productor Mario Vargas y respaldados por la secretaria general de Promoci\u00f3n Politica de la Mujer (PPM) en el PAN estatal Adriana Jimenez, ofrecieron est\u00e1 ma\u00f1ana una rueda de prensa para dar a&#8230;<\/p>\n","protected":false},"author":2,"featured_media":32193,"comment_status":"closed","ping_status":"open","sticky":false,"template":"","format":"standard","meta":{"footnotes":""},"categories":[10,34],"tags":[29,30,28],"class_list":["post-32192","post","type-post","status-publish","format-standard","has-post-thumbnail","hentry","category-politica","category-tecoman","tag-grid","tag-news","tag-slider"],"_links":{"self":[{"href":"http:\/\/elobservatorio.com.mx\/index.php?rest_route=\/wp\/v2\/posts\/32192"}],"collection":[{"href":"http:\/\/elobservatorio.com.mx\/index.php?rest_route=\/wp\/v2\/posts"}],"about":[{"href":"http:\/\/elobservatorio.com.mx\/index.php?rest_route=\/wp\/v2\/types\/post"}],"author":[{"embeddable":true,"href":"http:\/\/elobservatorio.com.mx\/index.php?rest_route=\/wp\/v2\/users\/2"}],"replies":[{"embeddable":true,"href":"http:\/\/elobservatorio.com.mx\/index.php?rest_route=%2Fwp%2Fv2%2Fcomments&post=32192"}],"version-history":[{"count":1,"href":"http:\/\/elobservatorio.com.mx\/index.php?rest_route=\/wp\/v2\/posts\/32192\/revisions"}],"predecessor-version":[{"id":32194,"href":"http:\/\/elobservatorio.com.mx\/index.php?rest_route=\/wp\/v2\/posts\/32192\/revisions\/32194"}],"wp:featuredmedia":[{"embeddable":true,"href":"http:\/\/elobservatorio.com.mx\/index.php?rest_route=\/wp\/v2\/media\/32193"}],"wp:attachment":[{"href":"http:\/\/elobservatorio.com.mx\/index.php?rest_route=%2Fwp%2Fv2%2Fmedia&parent=32192"}],"wp:term":[{"taxonomy":"category","embeddable":true,"href":"http:\/\/elobservatorio.com.mx\/index.php?rest_route=%2Fwp%2Fv2%2Fcategories&post=32192"},{"taxonomy":"post_tag","embeddable":true,"href":"http:\/\/elobservatorio.com.mx\/index.php?rest_route=%2Fwp%2Fv2%2Ftags&post=32192"}],"curies":[{"name":"wp","href":"https:\/\/api.w.org\/{rel}","templated":true}]}}