{"id":32195,"date":"2025-02-25T15:25:47","date_gmt":"2025-02-25T21:25:47","guid":{"rendered":"http:\/\/elobservatorio.com.mx\/?p=32195"},"modified":"2025-02-25T15:25:47","modified_gmt":"2025-02-25T21:25:47","slug":"riult-rivera-se-suma-a-la-colecta-nacional-de-la-cruz-roja-2025","status":"publish","type":"post","link":"http:\/\/elobservatorio.com.mx\/?p=32195","title":{"rendered":"Riult Rivera se suma a la Colecta Nacional de la Cruz Roja 2025"},"content":{"rendered":"<p>El presidente municipal de Colima, Riult Rivera Guti\u00e9rrez, reafirm\u00f3 su compromiso con la solidaridad y el bienestar social al sumarse a la Colecta Nacional de la Cruz Roja 2025, cuyo arranque oficial tuvo lugar este martes en el auditorio Carlos de la Madrid B\u00e9jar, en la capital del estado.<\/p>\n<p>Junto a la Gobernadora del Estado, Mtra. Indira Vizcaino Silva, el alcalde realiz\u00f3 su donativo a esta noble causa, destacando la importancia de fortalecer el trabajo humanitario de la Benem\u00e9rita Cruz Roja Mexicana, cuyo esfuerzo incansable salva vidas y brinda apoyo a quienes m\u00e1s lo necesitan. Asimismo, record\u00f3 que su administraci\u00f3n impulsa valores de solidaridad y apoyo social, en sinton\u00eda con el Plan Municipal de Desarrollo.<\/p>\n<p>El evento, convocado por el Gobierno del Estado, reuni\u00f3 a presidentes municipales, diputados locales y representantes del Poder Judicial, quienes respaldaron esta iniciativa que busca movilizar a la ciudadan\u00eda, empresas e instituciones en favor de quienes enfrentan situaciones de emergencia.<\/p>\n<p>La Cruz Roja Mexicana es un pilar fundamental en la atenci\u00f3n de desastres, emergencias m\u00e9dicas y ayuda humanitaria, siempre guiada por los principios de neutralidad, imparcialidad e independencia. Su labor depende en gran medida de la solidaridad social, y la colecta anual representa una oportunidad clave para fortalecer sus operaciones y garantizar que contin\u00fae brindando auxilio en los momentos m\u00e1s cr\u00edticos.<\/p>\n<p>Cada donativo cuenta. Con la participaci\u00f3n de toda la sociedad, se refuerza la capacidad de respuesta de la Cruz Roja y se contribuye a seguir salvando vidas. \u00a1S\u00famate a la colecta y s\u00e9 parte de esta gran causa!<\/p>\n","protected":false},"excerpt":{"rendered":"<p>El presidente municipal de Colima, Riult Rivera Guti\u00e9rrez, reafirm\u00f3 su compromiso con la solidaridad y el bienestar social al sumarse a la Colecta Nacional de la Cruz Roja 2025, cuyo arranque oficial tuvo lugar este martes en el auditorio Carlos de la Madrid B\u00e9jar, en la capital del estado. Junto a la Gobernadora del Estado,&#8230;<\/p>\n","protected":false},"author":2,"featured_media":32196,"comment_status":"closed","ping_status":"open","sticky":false,"template":"","format":"standard","meta":{"footnotes":""},"categories":[8,36],"tags":[29,30,28],"class_list":["post-32195","post","type-post","status-publish","format-standard","has-post-thumbnail","hentry","category-municipios","category-colima","tag-grid","tag-news","tag-slider"],"_links":{"self":[{"href":"http:\/\/elobservatorio.com.mx\/index.php?rest_route=\/wp\/v2\/posts\/32195"}],"collection":[{"href":"http:\/\/elobservatorio.com.mx\/index.php?rest_route=\/wp\/v2\/posts"}],"about":[{"href":"http:\/\/elobservatorio.com.mx\/index.php?rest_route=\/wp\/v2\/types\/post"}],"author":[{"embeddable":true,"href":"http:\/\/elobservatorio.com.mx\/index.php?rest_route=\/wp\/v2\/users\/2"}],"replies":[{"embeddable":true,"href":"http:\/\/elobservatorio.com.mx\/index.php?rest_route=%2Fwp%2Fv2%2Fcomments&post=32195"}],"version-history":[{"count":1,"href":"http:\/\/elobservatorio.com.mx\/index.php?rest_route=\/wp\/v2\/posts\/32195\/revisions"}],"predecessor-version":[{"id":32197,"href":"http:\/\/elobservatorio.com.mx\/index.php?rest_route=\/wp\/v2\/posts\/32195\/revisions\/32197"}],"wp:featuredmedia":[{"embeddable":true,"href":"http:\/\/elobservatorio.com.mx\/index.php?rest_route=\/wp\/v2\/media\/32196"}],"wp:attachment":[{"href":"http:\/\/elobservatorio.com.mx\/index.php?rest_route=%2Fwp%2Fv2%2Fmedia&parent=32195"}],"wp:term":[{"taxonomy":"category","embeddable":true,"href":"http:\/\/elobservatorio.com.mx\/index.php?rest_route=%2Fwp%2Fv2%2Fcategories&post=32195"},{"taxonomy":"post_tag","embeddable":true,"href":"http:\/\/elobservatorio.com.mx\/index.php?rest_route=%2Fwp%2Fv2%2Ftags&post=32195"}],"curies":[{"name":"wp","href":"https:\/\/api.w.org\/{rel}","templated":true}]}}