{"id":32200,"date":"2025-02-25T22:37:25","date_gmt":"2025-02-26T04:37:25","guid":{"rendered":"http:\/\/elobservatorio.com.mx\/?p=32200"},"modified":"2025-02-25T22:41:00","modified_gmt":"2025-02-26T04:41:00","slug":"realizan-ceremonia-de-incineracion-y-reposicion-de-labaro-patrio-en-la-universidad-de-colima","status":"publish","type":"post","link":"http:\/\/elobservatorio.com.mx\/?p=32200","title":{"rendered":"Realizan ceremonia de incineraci\u00f3n y reposici\u00f3n de L\u00e1baro Patrio, en la Universidad de Colima"},"content":{"rendered":"<p><em>*\u201cAunque existen voces cr\u00edticas que pueden caer en el malinchismo, la educaci\u00f3n p\u00fablica en M\u00e9xico ha desempe\u00f1ado un papel fundamental en la promoci\u00f3n de valores c\u00edvicos\u201d: Indira Vizca\u00edno, Gobernadora.<\/em><\/p>\n<p><em>\u00a0<\/em><em>**\u201cEsta ceremonia es un buen espacio para reflexionar en torno a nuestra identidad y los eventos que nuestros antecesores enfrentaron para construir un pa\u00eds libre y soberano\u201d: Christian Torres Ortiz, rector. <\/em><\/p>\n<p>Este martes, la comunidad universitaria se reuni\u00f3 en la explanada de rector\u00eda para rendir los \u00faltimos honores a la Bandera Nacional que desde 1995 estuvo acompa\u00f1ando los actos c\u00edvicos de la Universidad de Colima (UdeC). En ceremonia especial, fue incinerada y reemplazada por una nueva, en cumplimiento del Art\u00edculo 54 bis de la Ley sobre el Escudo, la Bandera y el Himno Nacionales.<\/p>\n<p>El acto fue presidido por la gobernadora del estado, Indira Vizca\u00edno Silva, y el rector de la Universidad, Christian Jorge Torres Ortiz Zerme\u00f1o. Al acto tambi\u00e9n asistieron autoridades universitarias, estatales, militares y miembros de la comunidad estudiantil. Como invitados especiales estuvieron ni\u00f1os y ni\u00f1os de varias escuelas primarias.<\/p>\n<p>En un acto cargado de solemnidad y respeto por el l\u00e1baro patrio, el rector camin\u00f3 hacia el centro de la explanada, frente al pebetero, donde aguard\u00f3 la llegada de la antorcha encendida. \u00c9sta fue transportada por dos estudiantes y un docente, quienes representaron los pilares de la educaci\u00f3n, cultura y el deporte.<\/p>\n<p>Al recibirla, el rector acerc\u00f3 la llama a la bandera, permitiendo que se consumiera en cenizas mientras se escuchaba en los altavoces la Marcha del Silencio. El acto de purificaci\u00f3n a trav\u00e9s del fuego concluy\u00f3 con un mensaje de despedida a la bandera que fue consumida por el fuego, y de bienvenida a la nueva, a cargo de la dramaturga Carmen Solorio.<\/p>\n<p>En su intervenci\u00f3n, el rector dijo que esta ceremonia, iniciada a las 8 de la ma\u00f1ana, \u201ces un buen espacio para reflexionar en torno a nuestra identidad y los eventos que nuestros antecesores enfrentaron para construir un pa\u00eds libre y soberano. Nos invita a renovar los valores adquiridos como integrantes de la Universidad de Colima, instituci\u00f3n que nos llena de orgullo, pero al mismo tiempo nos demanda una alta responsabilidad para seguir impulsando su crecimiento\u201d.<\/p>\n<p>Asegur\u00f3 que de la misma forma en que la comunidad universitaria cuida su bandera, \u201ctambi\u00e9n dedicamos esfuerzos para salvaguardar los espacios universitarios con el prop\u00f3sito de que sean sitios seguros que permitan el \u00f3ptimo desarrollo de la academia, la ciencia y la cultura\u201d.<\/p>\n<p>Cerr\u00f3 su discurso enfatizando el compromiso de la casa de estudios con la igualdad, la inclusi\u00f3n y sustentabilidad, asegurando que estas condiciones permitir\u00e1n extender los beneficios de las funciones sustantivas a la sociedad. \u201cQueremos garantizar que, en un ambiente de igualdad, inclusi\u00f3n y sustentabilidad, el estudiantado pueda desarrollar su esp\u00edritu cr\u00edtico y vocaci\u00f3n de servicio, que la planta docente ejerza su libertad de c\u00e1tedra y los trabajadores laboren en un clima arm\u00f3nico\u201d.<\/p>\n<p>Asegurando estas condiciones, concluy\u00f3, \u201cpodremos continuar como agentes de cambio, como lo hemos hecho desde la Universidad de Colima por casi 85 a\u00f1os\u201d.<\/p>\n<p><strong>Toma de protesta e izamiento de la nueva Bandera<\/strong><\/p>\n<p>Una vez consumada la incineraci\u00f3n del l\u00e1baro patrio, la gobernadora Indira Vizca\u00edno realiz\u00f3 la toma de protesta y entreg\u00f3 la nueva bandera al rector, quien la recibi\u00f3 en nombre de la comunidad universitaria. Acto seguido, se procedi\u00f3 al izamiento con el protocolo oficial, mientras los y las asistentes entonaron el Himno Nacional Mexicano.<\/p>\n<p>La ceremonia continu\u00f3 con la interpretaci\u00f3n de \u201cDespedida\u201d, composici\u00f3n musical de Mar\u00eda Grever, a cargo de la soprano Mariana Corona y el tenor Felipe Castellanos, quienes con sus voces excelentes brindaron un emotivo homenaje a la bandera incinerada.<\/p>\n<p>En su discurso, la gobernadora Indira Vizca\u00edno Silva destac\u00f3 la trascendencia de este acto c\u00edvico. Agradeci\u00f3 al rector de la Universidad por permitirle ser parte de esta significativa ceremonia y record\u00f3 que, un d\u00eda antes, la presidenta de M\u00e9xico, Claudia Sheinbaum, encabez\u00f3 la entrega simult\u00e1nea de banderas a escuelas de educaci\u00f3n b\u00e1sica desde el Campo Marte. \u201cCon ese mismo sentido patrio estamos aqu\u00ed en la Universidad de Colima, asistiendo a una doble ceremonia: la incineraci\u00f3n y el abanderamiento\u201d.<\/p>\n<p>Indira subray\u00f3 el profundo significado de la Bandera Nacional y la importancia de recuperar el aut\u00e9ntico valor del patriotismo en tiempos complejos. \u201cEn momentos como los que se viven en el planeta, cuando los nacionalismos se vuelven pretexto para desempolvar fanatismos, es importante recuperar el aut\u00e9ntico valor del patriotismo. Las mexicanas y los mexicanos somos patriotas, estamos orgullosos de pertenecer a esta naci\u00f3n\u201d, afirm\u00f3. Asimismo, se\u00f1al\u00f3 que, \u201caunque existen voces cr\u00edticas que pueden caer en el malinchismo, la educaci\u00f3n p\u00fablica en M\u00e9xico ha desempe\u00f1ado un papel fundamental en la promoci\u00f3n de valores c\u00edvicos\u201d.<\/p>\n<p>Tambi\u00e9n destac\u00f3 la importancia de preservar la memoria hist\u00f3rica de los h\u00e9roes y hero\u00ednas nacionales, as\u00ed como el significado de los s\u00edmbolos patrios. \u201cEn el M\u00e9xico de la transformaci\u00f3n, es primordial recuperar la historia de nuestros h\u00e9roes y hero\u00ednas, tanto como el significado de nuestros s\u00edmbolos patrios\u201d, mencion\u00f3, resaltando que es en las instituciones p\u00fablicas de educaci\u00f3n superior donde se debe fortalecer esta memoria hist\u00f3rica.<\/p>\n<p>Finalmente, reconoci\u00f3 el compromiso de esta casa de estudios con la promoci\u00f3n de los valores c\u00edvicos. \u201cS\u00e9 que la Universidad de Colima asume, al recibir esta nueva r\u00e9plica de nuestro l\u00e1baro patrio, el compromiso de promover entre la comunidad universitaria el culto y respeto a nuestros s\u00edmbolos nacionales\u201d, enfatiz\u00f3. Concluy\u00f3 su intervenci\u00f3n con un mensaje de confianza en la comunidad universitaria: \u201cMe despido con la certeza de que las y los universitarios somos ciudadanas y ciudadanos con un alto sentido c\u00edvico y patri\u00f3tico, que sabremos honrar a M\u00e9xico y a Colima con los valores propios de esta comunidad acad\u00e9mica: el estudio, la lucha y el trabajo\u201d.<\/p>\n<p>La Universidad de Colima expres\u00f3 su agradecimiento a la 20\u00aa Zona Militar por su invaluable asesor\u00eda en la realizaci\u00f3n de esta ceremonia, as\u00ed como a la escolta y la Banda de Guerra, incluyendo la participaci\u00f3n de la Banda de Guerra Universitaria, conformada por estudiantes de los Bachilleratos 1, 4, 15, 18, 25 y 34. Tambi\u00e9n se reconoci\u00f3 la destacada intervenci\u00f3n del Coro y la Banda Sinf\u00f3nica de la instituci\u00f3n.<\/p>\n<p>De manera especial, se agradeci\u00f3 la presencia de los 150 estudiantes de nivel b\u00e1sico, junto con sus maestros y directores, provenientes de las escuelas primarias Francisco On\u00e9simo D\u00edaz, Francisco Hern\u00e1ndez Espinoza, Gregorio Torres Quintero, Rafael Brice\u00f1o Ram\u00edrez y Sergio D\u00edaz Virgen, todas de turno matutino. Asimismo, destac\u00f3 la participaci\u00f3n de las Facultades de Ciencias de la Educaci\u00f3n, Medicina, Telem\u00e1tica, Enfermer\u00eda, Trabajo Social y del Bachillerato 1, quienes se sumaron a este significativo acto c\u00edvico.<\/p>\n","protected":false},"excerpt":{"rendered":"<p>*\u201cAunque existen voces cr\u00edticas que pueden caer en el malinchismo, la educaci\u00f3n p\u00fablica en M\u00e9xico ha desempe\u00f1ado un papel fundamental en la promoci\u00f3n de valores c\u00edvicos\u201d: Indira Vizca\u00edno, Gobernadora. \u00a0**\u201cEsta ceremonia es un buen espacio para reflexionar en torno a nuestra identidad y los eventos que nuestros antecesores enfrentaron para construir un pa\u00eds libre y&#8230;<\/p>\n","protected":false},"author":2,"featured_media":32201,"comment_status":"closed","ping_status":"open","sticky":false,"template":"","format":"standard","meta":{"footnotes":""},"categories":[14],"tags":[29,30,28],"class_list":["post-32200","post","type-post","status-publish","format-standard","has-post-thumbnail","hentry","category-educacion-y-cultura","tag-grid","tag-news","tag-slider"],"_links":{"self":[{"href":"http:\/\/elobservatorio.com.mx\/index.php?rest_route=\/wp\/v2\/posts\/32200"}],"collection":[{"href":"http:\/\/elobservatorio.com.mx\/index.php?rest_route=\/wp\/v2\/posts"}],"about":[{"href":"http:\/\/elobservatorio.com.mx\/index.php?rest_route=\/wp\/v2\/types\/post"}],"author":[{"embeddable":true,"href":"http:\/\/elobservatorio.com.mx\/index.php?rest_route=\/wp\/v2\/users\/2"}],"replies":[{"embeddable":true,"href":"http:\/\/elobservatorio.com.mx\/index.php?rest_route=%2Fwp%2Fv2%2Fcomments&post=32200"}],"version-history":[{"count":2,"href":"http:\/\/elobservatorio.com.mx\/index.php?rest_route=\/wp\/v2\/posts\/32200\/revisions"}],"predecessor-version":[{"id":32203,"href":"http:\/\/elobservatorio.com.mx\/index.php?rest_route=\/wp\/v2\/posts\/32200\/revisions\/32203"}],"wp:featuredmedia":[{"embeddable":true,"href":"http:\/\/elobservatorio.com.mx\/index.php?rest_route=\/wp\/v2\/media\/32201"}],"wp:attachment":[{"href":"http:\/\/elobservatorio.com.mx\/index.php?rest_route=%2Fwp%2Fv2%2Fmedia&parent=32200"}],"wp:term":[{"taxonomy":"category","embeddable":true,"href":"http:\/\/elobservatorio.com.mx\/index.php?rest_route=%2Fwp%2Fv2%2Fcategories&post=32200"},{"taxonomy":"post_tag","embeddable":true,"href":"http:\/\/elobservatorio.com.mx\/index.php?rest_route=%2Fwp%2Fv2%2Ftags&post=32200"}],"curies":[{"name":"wp","href":"https:\/\/api.w.org\/{rel}","templated":true}]}}