{"id":32213,"date":"2025-02-25T23:50:13","date_gmt":"2025-02-26T05:50:13","guid":{"rendered":"http:\/\/elobservatorio.com.mx\/?p=32213"},"modified":"2025-02-25T23:50:13","modified_gmt":"2025-02-26T05:50:13","slug":"realizan-homenaje-a-gustavo-vazquez-a-20-anos-de-su-ausencia","status":"publish","type":"post","link":"http:\/\/elobservatorio.com.mx\/?p=32213","title":{"rendered":"Realizan homenaje a Gustavo V\u00e1zquez, a 20 a\u00f1os de su ausencia"},"content":{"rendered":"<p><em>*En el Teatro Universitario.<\/em><\/p>\n<p><em>\u00a0<\/em>Con la asistencia del rector Christian Jorge Torres Ortiz Zerme\u00f1o como invitado especial, se llev\u00f3 a cabo este lunes por la noche, en el Teatro Universitario \u201cCnel. Pedro Torres Ortiz\u201d, un emotivo homenaje al ex gobernador Gustavo V\u00e1zquez Montes en su 20 aniversario luctuoso.<\/p>\n<p>En la conmemoraci\u00f3n participaron familiares, amigos y ex colaboradores del pol\u00edtico tecomense. Adem\u00e1s, se present\u00f3 el Ballet Folkl\u00f3rico de la UdeC bajo la direcci\u00f3n del maestro Christian Azael Guti\u00e9rrez Vega.<\/p>\n<p>En su mensaje, la viuda del ex gobernador colimense, Norma Alicia Galindo Mat\u00edas agradeci\u00f3 a la Universidad de Colima por sumarse al homenaje y particularmente al rector \u201cpor su valioso apoyo para realizar el evento en un recinto tan emblem\u00e1tico como el Teatro Universitario y con una agrupaci\u00f3n insignia de la instituci\u00f3n como su Ballet Folkl\u00f3rico\u201d.<\/p>\n<p>El Ballet Folkl\u00f3rico present\u00f3 coreograf\u00edas como Zacatecas, Los Colimotes y Sones y Jarabes de Colima, con m\u00fasica en vivi\u00f3 del Mariachi Universidad de Colima.<\/p>\n<p>Al homenaje acudieron ex colaboradores, familiares y l\u00edderes pol\u00edticos, entre los que estuvieron Fernando Moreno, el presidente municipal de Colima, Riult Rivera; la diputada local Lizzie Moreno y los hijos del ex gobernador: Roc\u00edo Elizabeth, Gustavo Alberto, Antonio y Norma V\u00e1zquez Galindo, entre otros.<\/p>\n<p>&nbsp;<\/p>\n<p>&nbsp;<\/p>\n","protected":false},"excerpt":{"rendered":"<p>*En el Teatro Universitario. \u00a0Con la asistencia del rector Christian Jorge Torres Ortiz Zerme\u00f1o como invitado especial, se llev\u00f3 a cabo este lunes por la noche, en el Teatro Universitario \u201cCnel. Pedro Torres Ortiz\u201d, un emotivo homenaje al ex gobernador Gustavo V\u00e1zquez Montes en su 20 aniversario luctuoso. En la conmemoraci\u00f3n participaron familiares, amigos y&#8230;<\/p>\n","protected":false},"author":2,"featured_media":32214,"comment_status":"closed","ping_status":"open","sticky":false,"template":"","format":"standard","meta":{"footnotes":""},"categories":[14],"tags":[29,30,28],"class_list":["post-32213","post","type-post","status-publish","format-standard","has-post-thumbnail","hentry","category-educacion-y-cultura","tag-grid","tag-news","tag-slider"],"_links":{"self":[{"href":"http:\/\/elobservatorio.com.mx\/index.php?rest_route=\/wp\/v2\/posts\/32213"}],"collection":[{"href":"http:\/\/elobservatorio.com.mx\/index.php?rest_route=\/wp\/v2\/posts"}],"about":[{"href":"http:\/\/elobservatorio.com.mx\/index.php?rest_route=\/wp\/v2\/types\/post"}],"author":[{"embeddable":true,"href":"http:\/\/elobservatorio.com.mx\/index.php?rest_route=\/wp\/v2\/users\/2"}],"replies":[{"embeddable":true,"href":"http:\/\/elobservatorio.com.mx\/index.php?rest_route=%2Fwp%2Fv2%2Fcomments&post=32213"}],"version-history":[{"count":1,"href":"http:\/\/elobservatorio.com.mx\/index.php?rest_route=\/wp\/v2\/posts\/32213\/revisions"}],"predecessor-version":[{"id":32215,"href":"http:\/\/elobservatorio.com.mx\/index.php?rest_route=\/wp\/v2\/posts\/32213\/revisions\/32215"}],"wp:featuredmedia":[{"embeddable":true,"href":"http:\/\/elobservatorio.com.mx\/index.php?rest_route=\/wp\/v2\/media\/32214"}],"wp:attachment":[{"href":"http:\/\/elobservatorio.com.mx\/index.php?rest_route=%2Fwp%2Fv2%2Fmedia&parent=32213"}],"wp:term":[{"taxonomy":"category","embeddable":true,"href":"http:\/\/elobservatorio.com.mx\/index.php?rest_route=%2Fwp%2Fv2%2Fcategories&post=32213"},{"taxonomy":"post_tag","embeddable":true,"href":"http:\/\/elobservatorio.com.mx\/index.php?rest_route=%2Fwp%2Fv2%2Ftags&post=32213"}],"curies":[{"name":"wp","href":"https:\/\/api.w.org\/{rel}","templated":true}]}}