{"id":32216,"date":"2025-02-26T16:18:44","date_gmt":"2025-02-26T22:18:44","guid":{"rendered":"http:\/\/elobservatorio.com.mx\/?p=32216"},"modified":"2025-02-26T16:18:44","modified_gmt":"2025-02-26T22:18:44","slug":"otro-hombre-mas-va-a-prision-por-posesion-de-narcotico","status":"publish","type":"post","link":"http:\/\/elobservatorio.com.mx\/?p=32216","title":{"rendered":"Otro hombre m\u00e1s va a prisi\u00f3n por posesi\u00f3n de narc\u00f3tico"},"content":{"rendered":"<p>La Fiscal\u00eda General del Estado (FGE) informa que otro hombre ha sido vinculado a proceso por su probable responsabilidad en el delito de contra la salud en la variante de posesi\u00f3n simple de metanfetamina, luego de que fuera detenido en la colonia Uni\u00f3n del municipio de Tecom\u00e1n.<\/p>\n<p>Durante la detenci\u00f3n, se le aseguraron varios envoltorios del narc\u00f3tico conocido como metanfetamina, por lo que se procedi\u00f3 a su detenci\u00f3n y, luego de las investigaciones pertinentes, se determin\u00f3 su vinculaci\u00f3n a proceso.<\/p>\n<p>En cumplimento a su medida cautelar, \u00c1ngel Rafael \u201cN\u201d permanecer\u00e1 en prisi\u00f3n preventiva durante el proceso judicial.<\/p>\n<p>La FGE sigue trabajando de manera contundente para garantizar que los responsables de actos delictivos que afectan a la sociedad sean llevados ante la justicia. Se reitera el compromiso de continuar con los esfuerzos para prevenir y erradicar el narcomenudeo en la regi\u00f3n.<\/p>\n","protected":false},"excerpt":{"rendered":"<p>La Fiscal\u00eda General del Estado (FGE) informa que otro hombre ha sido vinculado a proceso por su probable responsabilidad en el delito de contra la salud en la variante de posesi\u00f3n simple de metanfetamina, luego de que fuera detenido en la colonia Uni\u00f3n del municipio de Tecom\u00e1n. Durante la detenci\u00f3n, se le aseguraron varios envoltorios&#8230;<\/p>\n","protected":false},"author":2,"featured_media":32217,"comment_status":"closed","ping_status":"open","sticky":false,"template":"","format":"standard","meta":{"footnotes":""},"categories":[15],"tags":[29,30,28],"class_list":["post-32216","post","type-post","status-publish","format-standard","has-post-thumbnail","hentry","category-seguridad-y-justicia","tag-grid","tag-news","tag-slider"],"_links":{"self":[{"href":"http:\/\/elobservatorio.com.mx\/index.php?rest_route=\/wp\/v2\/posts\/32216"}],"collection":[{"href":"http:\/\/elobservatorio.com.mx\/index.php?rest_route=\/wp\/v2\/posts"}],"about":[{"href":"http:\/\/elobservatorio.com.mx\/index.php?rest_route=\/wp\/v2\/types\/post"}],"author":[{"embeddable":true,"href":"http:\/\/elobservatorio.com.mx\/index.php?rest_route=\/wp\/v2\/users\/2"}],"replies":[{"embeddable":true,"href":"http:\/\/elobservatorio.com.mx\/index.php?rest_route=%2Fwp%2Fv2%2Fcomments&post=32216"}],"version-history":[{"count":1,"href":"http:\/\/elobservatorio.com.mx\/index.php?rest_route=\/wp\/v2\/posts\/32216\/revisions"}],"predecessor-version":[{"id":32218,"href":"http:\/\/elobservatorio.com.mx\/index.php?rest_route=\/wp\/v2\/posts\/32216\/revisions\/32218"}],"wp:featuredmedia":[{"embeddable":true,"href":"http:\/\/elobservatorio.com.mx\/index.php?rest_route=\/wp\/v2\/media\/32217"}],"wp:attachment":[{"href":"http:\/\/elobservatorio.com.mx\/index.php?rest_route=%2Fwp%2Fv2%2Fmedia&parent=32216"}],"wp:term":[{"taxonomy":"category","embeddable":true,"href":"http:\/\/elobservatorio.com.mx\/index.php?rest_route=%2Fwp%2Fv2%2Fcategories&post=32216"},{"taxonomy":"post_tag","embeddable":true,"href":"http:\/\/elobservatorio.com.mx\/index.php?rest_route=%2Fwp%2Fv2%2Ftags&post=32216"}],"curies":[{"name":"wp","href":"https:\/\/api.w.org\/{rel}","templated":true}]}}