{"id":32243,"date":"2025-03-12T19:10:12","date_gmt":"2025-03-13T01:10:12","guid":{"rendered":"http:\/\/elobservatorio.com.mx\/?p=32243"},"modified":"2025-03-12T19:10:12","modified_gmt":"2025-03-13T01:10:12","slug":"presentan-programa-unibeca-en-la-universidad-de-colima","status":"publish","type":"post","link":"http:\/\/elobservatorio.com.mx\/?p=32243","title":{"rendered":"Presentan programa UniBeca, en la Universidad de Colima"},"content":{"rendered":"<p><em>*\u201cA los y las estudiantes les pido que aprovechen al m\u00e1ximo esta oportunidad, porque no es f\u00e1cil que un gobierno municipal haga una inversi\u00f3n en educaci\u00f3n, sobre todo ante los retos financieros que enfrentamos\u201d: Christian Torres Ortiz, rector UdeC.<\/em><\/p>\n<p>Este mi\u00e9rcoles, el Ayuntamiento de Manzanillo present\u00f3 oficialmente el programa UniBeca, un apoyo econ\u00f3mico dirigido a estudiantes de nivel superior y posgrado que estudian en Manzanillo o que siendo de Manzanillo estudian en otros lugares del estado. La presentaci\u00f3n se realiz\u00f3 en la explanada de la Facultad de Comercio Exterior del campus Valle de las Garzas de la Universidad de Colima, ante alumnos y docentes de las facultades de Comercio Exterior, Gastronom\u00eda y Turismo.<\/p>\n<p><strong>Un apoyo significativo para la educaci\u00f3n<\/strong><\/p>\n<p>Durante el evento, la presidenta municipal de Manzanillo, Rosa Mar\u00eda Bayardo Cabrera, destac\u00f3 que la educaci\u00f3n es la mejor herramienta para enfrentar los desaf\u00edos de la vida y agradeci\u00f3 al cabildo municipal por su apoyo en la aprobaci\u00f3n de estas becas, que brindar\u00e1n un apoyo de hasta 9 mil pesos anuales a los beneficiarios o 4 mil 500 pesos por semestre.<\/p>\n<p>Por su parte, el rector de la Universidad de Colima, Christian Torres Ortiz Zerme\u00f1o, resalt\u00f3 la importancia de este tipo de apoyos y agradeci\u00f3 tanto a la presidenta municipal como al secretario de Educaci\u00f3n y Cultura del Estado, Adolfo N\u00fa\u00f1ez Gonz\u00e1lez -quien fue en representaci\u00f3n de la gobernadora Indira Vizca\u00edno Silva- por sumarse al esfuerzo de ofrecer becas que faciliten la continuidad acad\u00e9mica de los estudios universitarios.<\/p>\n<p>\u201cEl Gobierno del Estado y el Ayuntamiento de Manzanillo est\u00e1n apostando por la educaci\u00f3n con estas becas. A los y las estudiantes les pido que aprovechen al m\u00e1ximo esta oportunidad, porque no es f\u00e1cil que un gobierno municipal haga una inversi\u00f3n en educaci\u00f3n, sobre todo ante los retos financieros que enfrentamos\u201d, coment\u00f3 el rector.<\/p>\n<p>El secretario de Educaci\u00f3n y Cultura, Adolfo N\u00fa\u00f1ez, enfatiz\u00f3 que este esfuerzo se suma a los programas de becas federales y estatales, para asegurar que m\u00e1s j\u00f3venes puedan solventar los gastos de su formaci\u00f3n acad\u00e9mica.<\/p>\n<p>\u201cEste apoyo les permitir\u00e1 pagar su semestre y los materiales que requieran. La educaci\u00f3n es la mejor inversi\u00f3n para el futuro, y seguimos sumando esfuerzos para que m\u00e1s j\u00f3venes puedan continuar sus estudios y cumplir sus metas\u201d, se\u00f1al\u00f3.<\/p>\n<p><strong>Una beca que transforma vidas<\/strong><\/p>\n<p>En representaci\u00f3n del estudiantado, Yoaly Elizabeth L\u00f3pez Padr\u00f3n, alumna de la Facultad de Comercio Exterior, expres\u00f3 su gratitud por este apoyo, se\u00f1alando que representa un voto de confianza en la juventud y una motivaci\u00f3n para seguir adelante a pesar de los retos y desaf\u00edos que enfrentan en su carrera.<\/p>\n<p><strong>Detalles del programa UniBeca<\/strong><\/p>\n<p>La UniBeca est\u00e1 dirigida a estudiantes de nivel superior y posgrado de la las instituciones de educaci\u00f3n p\u00fablica que estudien en cualquier plantel de la Universidad de Colima, el ISENCO o la Universidad Tecnol\u00f3gica de Manzanillo.<\/p>\n<p>El apoyo consta de 4 mil 500 pesos semestrales (9 mil anuales). El periodo de registro y entrega de documentaci\u00f3n ser\u00e1 del 3 al 31 de marzo de 2025, y la beca se entregar\u00e1 durante junio de 2025.<\/p>\n<p>Las y los interesados pueden descargar el formato de inscripci\u00f3n en la p\u00e1gina web del Ayuntamiento de Manzanillo o acudir a la Direcci\u00f3n General de Bienestar y Salud Comunitaria, ubicada en Calle Cedros, Barrio 1, Valle de las Garzas, Manzanillo. Para m\u00e1s informaci\u00f3n, pueden comunicarse al 314 372 2990 o al 314 137 2299.<\/p>\n<p>Conoce la convocatoria en: <a href=\"https:\/\/unibecas.manzanillo.gob.mx\/?fbclid=IwY2xjawI-3yJleHRuA2FlbQIxMAABHRfOEZiFYLPQWDvHF8Yxfl1QHm0_Fe9LAo37X4c6qO3MlLBq2d_QB3bVKA_aem_m1PXKdraSl6u8U50y1X3Bw\" target=\"_blank\" rel=\"noopener\">https:\/\/unibecas.manzanillo.gob.mx\/?fbclid=IwY2xjawI-3yJleHRuA2FlbQIxMAABHRfOEZiFYLPQWDvHF8Yxfl1QHm0_Fe9LAo37X4c6qO3MlLBq2d_QB3bVKA_aem_m1PXKdraSl6u8U50y1X3Bw<\/a><\/p>\n<p>&nbsp;<\/p>\n","protected":false},"excerpt":{"rendered":"<p>*\u201cA los y las estudiantes les pido que aprovechen al m\u00e1ximo esta oportunidad, porque no es f\u00e1cil que un gobierno municipal haga una inversi\u00f3n en educaci\u00f3n, sobre todo ante los retos financieros que enfrentamos\u201d: Christian Torres Ortiz, rector UdeC. Este mi\u00e9rcoles, el Ayuntamiento de Manzanillo present\u00f3 oficialmente el programa UniBeca, un apoyo econ\u00f3mico dirigido a&#8230;<\/p>\n","protected":false},"author":2,"featured_media":32244,"comment_status":"closed","ping_status":"open","sticky":false,"template":"","format":"standard","meta":{"footnotes":""},"categories":[14],"tags":[29,30,28],"class_list":["post-32243","post","type-post","status-publish","format-standard","has-post-thumbnail","hentry","category-educacion-y-cultura","tag-grid","tag-news","tag-slider"],"_links":{"self":[{"href":"http:\/\/elobservatorio.com.mx\/index.php?rest_route=\/wp\/v2\/posts\/32243"}],"collection":[{"href":"http:\/\/elobservatorio.com.mx\/index.php?rest_route=\/wp\/v2\/posts"}],"about":[{"href":"http:\/\/elobservatorio.com.mx\/index.php?rest_route=\/wp\/v2\/types\/post"}],"author":[{"embeddable":true,"href":"http:\/\/elobservatorio.com.mx\/index.php?rest_route=\/wp\/v2\/users\/2"}],"replies":[{"embeddable":true,"href":"http:\/\/elobservatorio.com.mx\/index.php?rest_route=%2Fwp%2Fv2%2Fcomments&post=32243"}],"version-history":[{"count":1,"href":"http:\/\/elobservatorio.com.mx\/index.php?rest_route=\/wp\/v2\/posts\/32243\/revisions"}],"predecessor-version":[{"id":32245,"href":"http:\/\/elobservatorio.com.mx\/index.php?rest_route=\/wp\/v2\/posts\/32243\/revisions\/32245"}],"wp:featuredmedia":[{"embeddable":true,"href":"http:\/\/elobservatorio.com.mx\/index.php?rest_route=\/wp\/v2\/media\/32244"}],"wp:attachment":[{"href":"http:\/\/elobservatorio.com.mx\/index.php?rest_route=%2Fwp%2Fv2%2Fmedia&parent=32243"}],"wp:term":[{"taxonomy":"category","embeddable":true,"href":"http:\/\/elobservatorio.com.mx\/index.php?rest_route=%2Fwp%2Fv2%2Fcategories&post=32243"},{"taxonomy":"post_tag","embeddable":true,"href":"http:\/\/elobservatorio.com.mx\/index.php?rest_route=%2Fwp%2Fv2%2Ftags&post=32243"}],"curies":[{"name":"wp","href":"https:\/\/api.w.org\/{rel}","templated":true}]}}