{"id":32260,"date":"2025-03-12T20:46:56","date_gmt":"2025-03-13T02:46:56","guid":{"rendered":"http:\/\/elobservatorio.com.mx\/?p=32260"},"modified":"2025-03-12T20:46:56","modified_gmt":"2025-03-13T02:46:56","slug":"mujer-es-procesada-por-presunto-robo-de-alhajas-de-oro-en-el-domicilio-de-sus-empleadoras","status":"publish","type":"post","link":"http:\/\/elobservatorio.com.mx\/?p=32260","title":{"rendered":"Mujer es procesada por presunto robo de alhajas de oro en el domicilio de sus empleadoras"},"content":{"rendered":"<p><em>*\u00a0 Luego de tener la joyer\u00eda en su poder, fueron empe\u00f1adas por la misma<\/em><\/p>\n<p>La Fiscal\u00eda General del Estado (FGE) logr\u00f3 la vinculaci\u00f3n a proceso de Sandy \u201cN\u201d por su probable responsabilidad en el hecho que la ley establece como delito de robo calificado en agravio de dos personas, quienes eran las empleadoras de la imputada.<\/p>\n<p>De acuerdo con la investigaci\u00f3n, Sandy \u201cN\u201d trabajaba realizando actividades dom\u00e9sticas en el hogar de las v\u00edctimas, a quienes, en el mes de junio del a\u00f1o 2023, aprovech\u00e1ndose de su encargo, presuntamente les rob\u00f3 diversas alhajas de oro. Luego de apoderarse de las joyas, la mujer las empe\u00f1\u00f3 en una empresa de ese giro.<\/p>\n<p>El Ministerio P\u00fablico, tras recabar datos de prueba suficientes sobre la participaci\u00f3n de la mujer en los hechos, solicit\u00f3 la vinculaci\u00f3n a proceso, la cual fue otorgada por un juez de control, as\u00ed como el plazo de dos meses para la investigaci\u00f3n complementaria.<\/p>\n<p>La FGE reafirma su compromiso con la justicia y la protecci\u00f3n de los patrimonios de las familias, garantizando que los responsables de actos il\u00edcitos enfrenten las consecuencias de acuerdo con la ley.<\/p>\n","protected":false},"excerpt":{"rendered":"<p>*\u00a0 Luego de tener la joyer\u00eda en su poder, fueron empe\u00f1adas por la misma La Fiscal\u00eda General del Estado (FGE) logr\u00f3 la vinculaci\u00f3n a proceso de Sandy \u201cN\u201d por su probable responsabilidad en el hecho que la ley establece como delito de robo calificado en agravio de dos personas, quienes eran las empleadoras de la&#8230;<\/p>\n","protected":false},"author":2,"featured_media":32261,"comment_status":"closed","ping_status":"open","sticky":false,"template":"","format":"standard","meta":{"footnotes":""},"categories":[15],"tags":[29,30,28],"class_list":["post-32260","post","type-post","status-publish","format-standard","has-post-thumbnail","hentry","category-seguridad-y-justicia","tag-grid","tag-news","tag-slider"],"_links":{"self":[{"href":"http:\/\/elobservatorio.com.mx\/index.php?rest_route=\/wp\/v2\/posts\/32260"}],"collection":[{"href":"http:\/\/elobservatorio.com.mx\/index.php?rest_route=\/wp\/v2\/posts"}],"about":[{"href":"http:\/\/elobservatorio.com.mx\/index.php?rest_route=\/wp\/v2\/types\/post"}],"author":[{"embeddable":true,"href":"http:\/\/elobservatorio.com.mx\/index.php?rest_route=\/wp\/v2\/users\/2"}],"replies":[{"embeddable":true,"href":"http:\/\/elobservatorio.com.mx\/index.php?rest_route=%2Fwp%2Fv2%2Fcomments&post=32260"}],"version-history":[{"count":1,"href":"http:\/\/elobservatorio.com.mx\/index.php?rest_route=\/wp\/v2\/posts\/32260\/revisions"}],"predecessor-version":[{"id":32262,"href":"http:\/\/elobservatorio.com.mx\/index.php?rest_route=\/wp\/v2\/posts\/32260\/revisions\/32262"}],"wp:featuredmedia":[{"embeddable":true,"href":"http:\/\/elobservatorio.com.mx\/index.php?rest_route=\/wp\/v2\/media\/32261"}],"wp:attachment":[{"href":"http:\/\/elobservatorio.com.mx\/index.php?rest_route=%2Fwp%2Fv2%2Fmedia&parent=32260"}],"wp:term":[{"taxonomy":"category","embeddable":true,"href":"http:\/\/elobservatorio.com.mx\/index.php?rest_route=%2Fwp%2Fv2%2Fcategories&post=32260"},{"taxonomy":"post_tag","embeddable":true,"href":"http:\/\/elobservatorio.com.mx\/index.php?rest_route=%2Fwp%2Fv2%2Ftags&post=32260"}],"curies":[{"name":"wp","href":"https:\/\/api.w.org\/{rel}","templated":true}]}}