{"id":32278,"date":"2025-03-18T23:50:27","date_gmt":"2025-03-19T05:50:27","guid":{"rendered":"https:\/\/elobservatorio.com.mx\/?p=32278"},"modified":"2025-03-19T00:09:45","modified_gmt":"2025-03-19T06:09:45","slug":"por-doble-homicidio-en-manzanillo-un-sujeto-va-a-la-carcel","status":"publish","type":"post","link":"http:\/\/elobservatorio.com.mx\/?p=32278","title":{"rendered":"Por doble homicidio en Manzanillo, un sujeto va a la c\u00e1rcel"},"content":{"rendered":"<p style=\"text-align: left;\"><em><strong>+ Los hechos se dieron en la colonia Las Joyas en Santiago cuando las v\u00edctimas se encontraban a bordo de su motocicleta y fueron atacadas con disparos de arma de fuego<\/strong><\/em><\/p>\n<p>Derivado del trabajo realizado por personal de la Fiscal\u00eda General del Estado (FGE), se logr\u00f3 que Cristian \u201cN\u201d fuera vinculado a proceso por su presunta responsabilidad en el doble homicidio ocurrido el pasado 12 de marzo en el municipio de Manzanillo.<\/p>\n<p>De acuerdo con las investigaciones, el suceso se dio cuando las v\u00edctimas se encontraban a bordo de su motocicleta en la colonia Las Joyas en Santiago, llegando el imputado al lugar y realiz\u00f3 disparos con arma de fuego en su contra, logrando con ello que perdieran la vida, siendo detenido por agentes de la Polic\u00eda Municipal.<\/p>\n<p>Durante la audiencia celebrada el 14 de marzo de 2025, el juez de control dict\u00f3 auto de vinculaci\u00f3n a proceso en contra de Cristian \u201cN\u201d por el hecho que la ley establece como delito de homicidio calificado, quien permanecer\u00e1 en prisi\u00f3n preventiva como medida cautelar mientras se cumplen los tres meses y quince d\u00edas en los que se llevar\u00e1 a cabo la investigaci\u00f3n complementaria.<\/p>\n<p>La FGE reafirma su compromiso de llevar a cabo una investigaci\u00f3n exhaustiva para garantizar que los responsables de los actos violentos enfrenten la justicia. Asimismo, se mantienen abiertas todas las l\u00edneas de investigaci\u00f3n en busca de esclarecer los hechos y proporcionar una resoluci\u00f3n adecuada.<\/p>\n","protected":false},"excerpt":{"rendered":"<p>+ Los hechos se dieron en la colonia Las Joyas en Santiago cuando las v\u00edctimas se encontraban a bordo de su motocicleta y fueron atacadas con disparos de arma de fuego Derivado del trabajo realizado por personal de la Fiscal\u00eda General del Estado (FGE), se logr\u00f3 que Cristian \u201cN\u201d fuera vinculado a proceso por su&#8230;<\/p>\n","protected":false},"author":6,"featured_media":32279,"comment_status":"closed","ping_status":"open","sticky":false,"template":"","format":"standard","meta":{"footnotes":""},"categories":[15],"tags":[29,30,28],"class_list":["post-32278","post","type-post","status-publish","format-standard","has-post-thumbnail","hentry","category-seguridad-y-justicia","tag-grid","tag-news","tag-slider"],"_links":{"self":[{"href":"http:\/\/elobservatorio.com.mx\/index.php?rest_route=\/wp\/v2\/posts\/32278"}],"collection":[{"href":"http:\/\/elobservatorio.com.mx\/index.php?rest_route=\/wp\/v2\/posts"}],"about":[{"href":"http:\/\/elobservatorio.com.mx\/index.php?rest_route=\/wp\/v2\/types\/post"}],"author":[{"embeddable":true,"href":"http:\/\/elobservatorio.com.mx\/index.php?rest_route=\/wp\/v2\/users\/6"}],"replies":[{"embeddable":true,"href":"http:\/\/elobservatorio.com.mx\/index.php?rest_route=%2Fwp%2Fv2%2Fcomments&post=32278"}],"version-history":[{"count":2,"href":"http:\/\/elobservatorio.com.mx\/index.php?rest_route=\/wp\/v2\/posts\/32278\/revisions"}],"predecessor-version":[{"id":32283,"href":"http:\/\/elobservatorio.com.mx\/index.php?rest_route=\/wp\/v2\/posts\/32278\/revisions\/32283"}],"wp:featuredmedia":[{"embeddable":true,"href":"http:\/\/elobservatorio.com.mx\/index.php?rest_route=\/wp\/v2\/media\/32279"}],"wp:attachment":[{"href":"http:\/\/elobservatorio.com.mx\/index.php?rest_route=%2Fwp%2Fv2%2Fmedia&parent=32278"}],"wp:term":[{"taxonomy":"category","embeddable":true,"href":"http:\/\/elobservatorio.com.mx\/index.php?rest_route=%2Fwp%2Fv2%2Fcategories&post=32278"},{"taxonomy":"post_tag","embeddable":true,"href":"http:\/\/elobservatorio.com.mx\/index.php?rest_route=%2Fwp%2Fv2%2Ftags&post=32278"}],"curies":[{"name":"wp","href":"https:\/\/api.w.org\/{rel}","templated":true}]}}