{"id":32284,"date":"2025-03-19T00:25:33","date_gmt":"2025-03-19T06:25:33","guid":{"rendered":"http:\/\/elobservatorio.com.mx\/?p=32284"},"modified":"2025-03-19T00:25:33","modified_gmt":"2025-03-19T06:25:33","slug":"anuncia-riult-rivera-segunda-etapa-de-la-mega-poda-de-arboles","status":"publish","type":"post","link":"http:\/\/elobservatorio.com.mx\/?p=32284","title":{"rendered":"Anuncia Riult Rivera segunda etapa de la mega poda de \u00e1rboles"},"content":{"rendered":"<p><em>*Se han recolectado 120 toneladas de ramas y casi 22 toneladas de cacharros, afirma el edil capitalino.<\/em><\/p>\n<p>Reconoce el trabajo que ha venido haciendo el personal de Servicios P\u00fablicos; afirm\u00f3 el alcalde de Colima, que esta es una campa\u00f1a permanente.<\/p>\n<p>Colima, Col., El presidente municipal de Colima Riult Rivera Guti\u00e9rrez, dio a conocer a trav\u00e9s de la conferencia de prensa \u201cColima Conecta\u201d, que a trav\u00e9s del programa de mega poda, que el Ayuntamiento de Colima viene ejecutando a trav\u00e9s de la Direcci\u00f3n de Servicios P\u00fablicos Municipales, desde el 17 de febrero en que inici\u00f3 la campa\u00f1a de limpieza hasta este martes, han recolectado 120 toneladas de ramas as\u00ed como 21 toneladas y media de cacharros.<\/p>\n<p>Durante la rueda de prensa el presidente de Colima, afirm\u00f3 que como parte de esta campa\u00f1a se ha logrado intervenir en tres puntos importantes de la ciudad, como son la colonia Las Palmas, Santa B\u00e1rbara, avenida Venustiano Carranza, entre otras.<\/p>\n<p>Anunci\u00f3 que desde este mi\u00e9rcoles y hasta el viernes 21 de marzo se llevar\u00e1 a cabo la segunda etapa de intervenci\u00f3n en vialidades principales del municipio en este mismo rubro.<\/p>\n<p>Destac\u00f3 que esta intensa actividad la han desarrollado en conjunto con la Comisi\u00f3n Federal de Electricidad y con Tel\u00e9fonos de M\u00e9xico, por el uso de herramientas con las que cuentan esas dependencias, las cuales permiten el desrame de manera adecuada y segura, adem\u00e1s permite realizar un trabajo m\u00e1s fuerte, eficiente para poder brincarle una respuesta clara y real a la poblaci\u00f3n.<\/p>\n<p>Riult Rivera manifest\u00f3 que con esto se busca adelantarse a los problemas que pudieran llegarse a generar durante la temporada de lluvias, pero que tambi\u00e9n hoy en d\u00eda por los riesgos que existen para las l\u00edneas o cables que existen en las vialidades.<br \/>\nLa Directora de Servicios P\u00fablicos del Ayuntamiento de Colima, Ana Patricia Escobosa manifest\u00f3 que en esta segunda etapa de intervenci\u00f3n en vialidades, trabajaran en la mega poda de \u00e1rboles sobre la avenida Felipe Sevilla del Rio desde la calle Jos\u00e9 G. Alcaraz hasta el cruce con avenida Ignacio Sandoval en un horario de 9:30 de la ma\u00f1ana hasta las 12:30 del d\u00eda, por lo cual permanecer\u00e1n cerrados estos tramos para poder realizar los trabajos.<\/p>\n<p>La funcionaria inform\u00f3 que a partir de la siguiente semana desde el mi\u00e9rcoles 26 hasta el viernes 28 de marzo empezar\u00e1n la tercera etapa de intervenci\u00f3n, sobre la avenida Gonzalo de Sandoval desde la calle Manuel Gudi\u00f1o hasta la avenida Leonardo Bravo.<\/p>\n<p>En el tema de las ramas y cacharros la funcionaria municipal dijo que desde el 17 de febrero en que inici\u00f3 la campa\u00f1a de limpieza hasta este martes, han recolectado 120 toneladas de ramas as\u00ed como 21 toneladas y media de cacharros.<\/p>\n<p>Indic\u00f3 que para sacar adelante los trabajos de esta campa\u00f1a se cuenta con una cuadrilla de 16 trabajadores de esa \u00e1rea, adem\u00e1s han utilizado seis camiones, tres de ellos a cielo abierto y tres compactadoras.<\/p>\n<p>Finalmente se hizo un reconocimiento al trabajo que viene desarrollando el personal de la Direcci\u00f3n de Servicios P\u00fablicos del \u00e1rea de limpia y sanidad, as\u00ed como parques y jardines, reiter\u00e1ndose que esta es una campa\u00f1a permanente, y que apenas van atendidas siete rutas de las 25 que se pretenden trabajar<\/p>\n","protected":false},"excerpt":{"rendered":"<p>*Se han recolectado 120 toneladas de ramas y casi 22 toneladas de cacharros, afirma el edil capitalino. Reconoce el trabajo que ha venido haciendo el personal de Servicios P\u00fablicos; afirm\u00f3 el alcalde de Colima, que esta es una campa\u00f1a permanente. Colima, Col., El presidente municipal de Colima Riult Rivera Guti\u00e9rrez, dio a conocer a trav\u00e9s&#8230;<\/p>\n","protected":false},"author":2,"featured_media":32285,"comment_status":"closed","ping_status":"open","sticky":false,"template":"","format":"standard","meta":{"footnotes":""},"categories":[8,36],"tags":[29,30,28],"class_list":["post-32284","post","type-post","status-publish","format-standard","has-post-thumbnail","hentry","category-municipios","category-colima","tag-grid","tag-news","tag-slider"],"_links":{"self":[{"href":"http:\/\/elobservatorio.com.mx\/index.php?rest_route=\/wp\/v2\/posts\/32284"}],"collection":[{"href":"http:\/\/elobservatorio.com.mx\/index.php?rest_route=\/wp\/v2\/posts"}],"about":[{"href":"http:\/\/elobservatorio.com.mx\/index.php?rest_route=\/wp\/v2\/types\/post"}],"author":[{"embeddable":true,"href":"http:\/\/elobservatorio.com.mx\/index.php?rest_route=\/wp\/v2\/users\/2"}],"replies":[{"embeddable":true,"href":"http:\/\/elobservatorio.com.mx\/index.php?rest_route=%2Fwp%2Fv2%2Fcomments&post=32284"}],"version-history":[{"count":1,"href":"http:\/\/elobservatorio.com.mx\/index.php?rest_route=\/wp\/v2\/posts\/32284\/revisions"}],"predecessor-version":[{"id":32286,"href":"http:\/\/elobservatorio.com.mx\/index.php?rest_route=\/wp\/v2\/posts\/32284\/revisions\/32286"}],"wp:featuredmedia":[{"embeddable":true,"href":"http:\/\/elobservatorio.com.mx\/index.php?rest_route=\/wp\/v2\/media\/32285"}],"wp:attachment":[{"href":"http:\/\/elobservatorio.com.mx\/index.php?rest_route=%2Fwp%2Fv2%2Fmedia&parent=32284"}],"wp:term":[{"taxonomy":"category","embeddable":true,"href":"http:\/\/elobservatorio.com.mx\/index.php?rest_route=%2Fwp%2Fv2%2Fcategories&post=32284"},{"taxonomy":"post_tag","embeddable":true,"href":"http:\/\/elobservatorio.com.mx\/index.php?rest_route=%2Fwp%2Fv2%2Ftags&post=32284"}],"curies":[{"name":"wp","href":"https:\/\/api.w.org\/{rel}","templated":true}]}}