{"id":32321,"date":"2025-03-27T12:35:47","date_gmt":"2025-03-27T18:35:47","guid":{"rendered":"http:\/\/elobservatorio.com.mx\/?p=32321"},"modified":"2025-03-27T12:35:47","modified_gmt":"2025-03-27T18:35:47","slug":"en-tecoman-giran-orden-de-aprehension-contra-masculino-por-violacion-a-una-menor","status":"publish","type":"post","link":"http:\/\/elobservatorio.com.mx\/?p=32321","title":{"rendered":"En Tecom\u00e1n, giran orden de aprehensi\u00f3n contra masculino por violaci\u00f3n a una menor"},"content":{"rendered":"<p><em>* Los hechos ocurrieron en la colonia La Cuarta<\/em><\/p>\n<p>En acatamiento a una orden de aprehensi\u00f3n que hab\u00eda en contra de Mario Antonio \u201cN\u201d por lo que la ley se\u00f1ala como delito de violaci\u00f3n en agravio de una menor de edad, la Fiscal\u00eda General del Estado (FGE) logr\u00f3 su detenci\u00f3n mediante su Polic\u00eda Investigadora.<\/p>\n<p>De acuerdo con lo acontecido, el agresor era pareja sentimental de la madre de la v\u00edctima, y cohabitaban en un domicilio ubicado en la colonia La Cuarta, del municipio de Tecom\u00e1n, donde aprovechaba los momentos en los que se encontraba solo con la menor de edad para violentarla de forma sexual.<\/p>\n<p>Al ser detenido mediante una orden de aprehensi\u00f3n por elementos de la FGE, este hombre fue puesto a disposici\u00f3n del \u00f3rgano jurisdiccional que continuar\u00e1 el proceso para resolver la situaci\u00f3n legal respecto al delito que se le imputa.<\/p>\n<p>La Fiscal\u00eda General del Estado trabaja en el cumplimiento de su responsabilidad, esclareciendo los delitos y llevando ante el \u00f3rgano jurisdiccional a qui\u00e9nes son se\u00f1alados como responsables, a fin de lograr la sanci\u00f3n establecida por la ley.<\/p>\n<p>Para lograr mayores resultados en esta materia, la instituci\u00f3n llama a la ciudadan\u00eda a contribuir mediante la denuncia an\u00f3nima a los n\u00fameros 089 y 911 para las emergencias, su reporte es importante para las investigaciones que realiza la autoridad, as\u00ed como para el combate de los actos delictivos.<\/p>\n","protected":false},"excerpt":{"rendered":"<p>* Los hechos ocurrieron en la colonia La Cuarta En acatamiento a una orden de aprehensi\u00f3n que hab\u00eda en contra de Mario Antonio \u201cN\u201d por lo que la ley se\u00f1ala como delito de violaci\u00f3n en agravio de una menor de edad, la Fiscal\u00eda General del Estado (FGE) logr\u00f3 su detenci\u00f3n mediante su Polic\u00eda Investigadora. De&#8230;<\/p>\n","protected":false},"author":2,"featured_media":32322,"comment_status":"closed","ping_status":"open","sticky":false,"template":"","format":"standard","meta":{"footnotes":""},"categories":[15],"tags":[29,30,28],"class_list":["post-32321","post","type-post","status-publish","format-standard","has-post-thumbnail","hentry","category-seguridad-y-justicia","tag-grid","tag-news","tag-slider"],"_links":{"self":[{"href":"http:\/\/elobservatorio.com.mx\/index.php?rest_route=\/wp\/v2\/posts\/32321"}],"collection":[{"href":"http:\/\/elobservatorio.com.mx\/index.php?rest_route=\/wp\/v2\/posts"}],"about":[{"href":"http:\/\/elobservatorio.com.mx\/index.php?rest_route=\/wp\/v2\/types\/post"}],"author":[{"embeddable":true,"href":"http:\/\/elobservatorio.com.mx\/index.php?rest_route=\/wp\/v2\/users\/2"}],"replies":[{"embeddable":true,"href":"http:\/\/elobservatorio.com.mx\/index.php?rest_route=%2Fwp%2Fv2%2Fcomments&post=32321"}],"version-history":[{"count":1,"href":"http:\/\/elobservatorio.com.mx\/index.php?rest_route=\/wp\/v2\/posts\/32321\/revisions"}],"predecessor-version":[{"id":32323,"href":"http:\/\/elobservatorio.com.mx\/index.php?rest_route=\/wp\/v2\/posts\/32321\/revisions\/32323"}],"wp:featuredmedia":[{"embeddable":true,"href":"http:\/\/elobservatorio.com.mx\/index.php?rest_route=\/wp\/v2\/media\/32322"}],"wp:attachment":[{"href":"http:\/\/elobservatorio.com.mx\/index.php?rest_route=%2Fwp%2Fv2%2Fmedia&parent=32321"}],"wp:term":[{"taxonomy":"category","embeddable":true,"href":"http:\/\/elobservatorio.com.mx\/index.php?rest_route=%2Fwp%2Fv2%2Fcategories&post=32321"},{"taxonomy":"post_tag","embeddable":true,"href":"http:\/\/elobservatorio.com.mx\/index.php?rest_route=%2Fwp%2Fv2%2Ftags&post=32321"}],"curies":[{"name":"wp","href":"https:\/\/api.w.org\/{rel}","templated":true}]}}